{"id":414849,"date":"2016-08-01T08:43:17","date_gmt":"2016-08-01T13:43:17","guid":{"rendered":"http:\/\/www.futboltotal.com.mx\/?p=414849"},"modified":"2016-08-01T19:09:55","modified_gmt":"2016-08-02T00:09:55","slug":"11-ideal-la-jornada-3-del-apertura-2016","status":"publish","type":"post","link":"http:\/\/desarrollo.grupomedios.com\/futbol\/futbol-mexicano\/11-ideal-la-jornada-3-del-apertura-2016\/2016\/08","title":{"rendered":"11 ideal de la jornada 3 | Apertura 2016"},"content":{"rendered":"<p>La <strong>jornada 3 del Apertura 2016<\/strong> dej\u00f3 grandes sorpresas, sobre todo por los resultados adversos que sufrieron los dos clubes m\u00e1s populares del pa\u00eds: <a href=\"http:\/\/www.futboltotal.com.mx\/equipos\/guadalajara\/\" target=\"_blank\"><strong>Chivas<\/strong><\/a> y <a href=\"http:\/\/www.futboltotal.com.mx\/equipos\/america\/\" target=\"_blank\"><strong>Am\u00e9rica<\/strong><\/a>, quienes recibieron goleadas que los hicieron pensar en sus deficiencias; por otro lado, una vez m\u00e1s, Alejandro Palacios destac\u00f3 en el marco de <a href=\"http:\/\/www.futboltotal.com.mx\/equipos\/unam\/\" target=\"_blank\"><strong>Pumas<\/strong><\/a>, por eso figura, en el siguiente <strong>11 ideal<\/strong>.<\/p>\n<p style=\"text-align: center;\"><span style=\"color: #3366ff;\"><a style=\"color: #3366ff;\" href=\"http:\/\/www.futboltotal.com.mx\/2016\/07\/pachuca-lidera-paso-perfecto-apertura-mexicano-2016\/\" target=\"_blank\"><strong>LEER M\u00c1S: El resumen de la jornada 3<\/strong><\/a><\/span><\/p>\n<p><a href=\"http:\/\/www.futboltotal.com.mx\/wp-content\/uploads\/2016\/08\/11idealap16-jornada-3_opt.jpg\"><img decoding=\"async\" loading=\"lazy\" class=\"size-full wp-image-414850 aligncenter\" src=\"http:\/\/www.futboltotal.com.mx\/wp-content\/uploads\/2016\/08\/11idealap16-jornada-3_opt.jpg\" alt=\"11idealap16-jornada-3_opt\" srcset=\"http:\/\/desarrollo.grupomedios.com\/futbol\/wp-content\/uploads\/2016\/08\/11idealap16-jornada-3_opt.jpg 550w, http:\/\/desarrollo.grupomedios.com\/futbol\/wp-content\/uploads\/2016\/08\/11idealap16-jornada-3_opt-215x300.jpg 215w\" sizes=\"(max-width: 550px) 100vw, 550px\" \/><\/a><\/p>\n<p><strong>Alejandro Palacios | Pumas<\/strong> | El cancerbero <em>auriazul<\/em> fue el jugador de su correspondiente partido, por tercera ocasi\u00f3n consecutiva, lo que lo hace ganarse una oportunidad en el <em>TRI<\/em>, que tanto pide, por sus actuaciones.<\/p>\n<p><strong>Alberto Acosta | <a href=\"http:\/\/www.futboltotal.com.mx\/equipos\/tigres\/\" target=\"_blank\">Tigres<\/a><\/strong> | Cuando estuvo con Puebla, no dej\u00f3 que los <em>Felinos<\/em> le hicieran da\u00f1o, ahora, como miembro de la plantilla de la UANL, defendi\u00f3 bien la meta ante las <em>\u00c1guilas<\/em>.<\/p>\n<p><strong>Leiton Jim\u00e9nez | <a href=\"http:\/\/www.futboltotal.com.mx\/equipos\/atlas\/\" target=\"_blank\">Atlas<\/a><\/strong> | Mientras el capit\u00e1n <em>Rafa<\/em> muestra su visi\u00f3n para jugar ofensiva y defensivamente; Leiton se volvi\u00f3 uno de los mejores socios del <em>K\u00e1iser<\/em>, pues al Veracruz, lo dej\u00f3 con las manos atadas.<\/p>\n<p><strong>Juan Gonz\u00e1lez |<a href=\"http:\/\/www.futboltotal.com.mx\/equipos\/leon\/\" target=\"_blank\"> Le\u00f3n<\/a><\/strong> | Pese a que su equipo perdi\u00f3 y es colero general, el zaguero dio partidazo ante Pumas, y por poco evita que Javier Cort\u00e9s anotara el gol de la victoria.<\/p>\n<p><strong>Stefan Medina | <a href=\"http:\/\/www.futboltotal.com.mx\/equipos\/pachuca\/\" target=\"_blank\">Pachuca<\/a><\/strong> | Donde quiera que lo ponga Diego Alonso, funciona, pero adem\u00e1s, es el l\u00edder de goleo de los <em>Tuzos,<\/em> con un gol en cada partido que ha disputado.<\/p>\n<p><strong>Javier Cort\u00e9s | Pumas<\/strong> | Le dio la victoria a los <em>auriazules<\/em> con su anotaci\u00f3n, para darle un buen augurio al <em>TRI<\/em> Ol\u00edmpico, por pertenecer a la generaci\u00f3n anterior de ellos, que consigui\u00f3 el Oro hist\u00f3rico.<\/p>\n<p><strong>Javier Aquino | Tigres<\/strong> | Otro campe\u00f3n Ol\u00edmpico que sobresali\u00f3 el fin de semana con un golazo al Am\u00e9rica.<\/p>\n<p><strong>Diego Vald\u00e9s | <a href=\"http:\/\/www.futboltotal.com.mx\/equipos\/morelia\/\" target=\"_blank\">Morelia<\/a><\/strong> | Dio un gran partido ante Santos, al marcar y poner un pase de gol a Ra\u00fal Ruid\u00edaz.<\/p>\n<p><strong>Ra\u00fal Ruid\u00edaz | Morelia<\/strong> | Un Hat-Trick del delantero en esta jornada, hace pensar que la <em>monarqu\u00eda<\/em> s\u00ed piensa seriamente en la salvaci\u00f3n, pues el peruano es ahora, l\u00edder de goleo.<\/p>\n<p><strong>Dayro Moreno | <a href=\"http:\/\/www.futboltotal.com.mx\/equipos\/tijuana\/\" target=\"_blank\">Xolos<\/a><\/strong> | El doblete que le marc\u00f3 a Chivas, sirvi\u00f3 para compartir el liderato de goleo con Ra\u00fal Ruid\u00edaz, y, evidentemente, para noquear al <em>Reba\u00f1o Sagrado<\/em>.<\/p>\n<p><strong>Emanuel Villa | <a href=\"http:\/\/www.futboltotal.com.mx\/equipos\/queretaro\/\" target=\"_blank\">Quer\u00e9taro<\/a><\/strong> | Su doblete frente a la Franja, le dio la victoria a los <em>Gallos<\/em> y lo hizo colocarse como el m\u00e1ximo goleador hist\u00f3rico de su actual conjunto.<\/p>\n","protected":false},"excerpt":{"rendered":"<p>Alejandro Palacios destaca entre los mejores hombres<\/p>\n","protected":false},"author":20,"featured_media":414854,"comment_status":"closed","ping_status":"closed","sticky":false,"template":"","format":"standard","meta":[],"categories":[2198,3845,5950],"tags":[5623,6927],"_links":{"self":[{"href":"http:\/\/desarrollo.grupomedios.com\/futbol\/wp-json\/wp\/v2\/posts\/414849"}],"collection":[{"href":"http:\/\/desarrollo.grupomedios.com\/futbol\/wp-json\/wp\/v2\/posts"}],"about":[{"href":"http:\/\/desarrollo.grupomedios.com\/futbol\/wp-json\/wp\/v2\/types\/post"}],"author":[{"embeddable":true,"href":"http:\/\/desarrollo.grupomedios.com\/futbol\/wp-json\/wp\/v2\/users\/20"}],"replies":[{"embeddable":true,"href":"http:\/\/desarrollo.grupomedios.com\/futbol\/wp-json\/wp\/v2\/comments?post=414849"}],"version-history":[{"count":0,"href":"http:\/\/desarrollo.grupomedios.com\/futbol\/wp-json\/wp\/v2\/posts\/414849\/revisions"}],"wp:featuredmedia":[{"embeddable":true,"href":"http:\/\/desarrollo.grupomedios.com\/futbol\/wp-json\/wp\/v2\/media\/414854"}],"wp:attachment":[{"href":"http:\/\/desarrollo.grupomedios.com\/futbol\/wp-json\/wp\/v2\/media?parent=414849"}],"wp:term":[{"taxonomy":"category","embeddable":true,"href":"http:\/\/desarrollo.grupomedios.com\/futbol\/wp-json\/wp\/v2\/categories?post=414849"},{"taxonomy":"post_tag","embeddable":true,"href":"http:\/\/desarrollo.grupomedios.com\/futbol\/wp-json\/wp\/v2\/tags?post=414849"}],"curies":[{"name":"wp","href":"https:\/\/api.w.org\/{rel}","templated":true}]}}