{"id":414893,"date":"2016-08-01T13:51:35","date_gmt":"2016-08-01T18:51:35","guid":{"rendered":"http:\/\/www.futboltotal.com.mx\/?p=414893"},"modified":"2016-08-02T10:23:53","modified_gmt":"2016-08-02T15:23:53","slug":"la-figura-la-jornada-3","status":"publish","type":"post","link":"http:\/\/desarrollo.grupomedios.com\/futbol\/videos\/la-figura-la-jornada-3\/2016\/08","title":{"rendered":"El inesperado goleador del Apertura 2016"},"content":{"rendered":"<p>Tres jornadas le han bastado al delantero peruano\u00a0<strong>Ra\u00fal Ruid\u00edaz<\/strong>, jugador de <em>Monarcas<\/em> Morelia,\u00a0para irrumpir como el goleador inesperado del <strong>Apertura 2016<\/strong> de la <strong>Liga MX<\/strong>.<\/p>\n<p>[video_player]https:\/\/player.vimeo.com\/external\/177120039.hd.mp4?s=67570a11ea4eaba140bae4d0237113bedde985f1&amp;profile_id=174[\/video_player]<\/p>\n<p>El domingo,\u00a0<strong>Ra\u00fal Ruid\u00edaz<\/strong>\u00a0se convirti\u00f3 en la figura de <i>Monarcas<\/i>\u00a0tras marcar su primer triplete en M\u00e9xico en la goleada 4-0 ante Santos. Aunque aun le falta hacer erupci\u00f3n en calidad de la gran apuesta del conjunto <i>purepecha\u00a0<\/i>es uno de los delanteros que m\u00e1s promete en el certamen.<\/p>\n<p>Unos cuantos lo conocen despu\u00e9s de que se ganara el mote de <i>Manosanta\u00a0<\/i>al anotar un pol\u00e9mico gol en la pasada Copa Am\u00e9rica ante Brasil. Sin embargo, desde antes ten\u00eda fama por ser uno de los mejores goleadores en la liga peruana, donde recibi\u00f3 la oportunidad para ser titular de la mano de Juan Reynoso, exjugador de Cruz Azul, en el Universitario Deportivo peruano.<\/p>\n<p style=\"text-align: center;\"><span style=\"color: #3366ff;\"><strong><a style=\"color: #3366ff;\" href=\"http:\/\/www.futboltotal.com.mx\/2016\/08\/las-emociones-la-jornada-3-del-apertura-2016\/\">VER M\u00c1S: Las EMOCIONES de\u2026 la jornada 3 del Apertura 2016<\/a><\/strong><\/span><\/p>\n<p><b>Ruid\u00edaz<\/b> nunca tuvo presupuestado convertirse en delantero. El comenz\u00f3 su carrera en su natal Per\u00fa como enganche. Fue hasta su incursi\u00f3n en la U de Chile con Jorge Sampaoli cuando descubri\u00f3 que ten\u00eda talento de &#8216;9&#8217;. De no haber llegado a manos de Sampaoli, quiz\u00e1 hoy no estar\u00edamos hablando de la<i>\u00a0Pulga <\/i>como el goleador inesperado en el amanecer de la Liga MX.<\/p>\n","protected":false},"excerpt":{"rendered":"<p>El peruano Ra\u00fal Ruid\u00edaz es l\u00edder anotador de la Liga MX<\/p>\n","protected":false},"author":20,"featured_media":414912,"comment_status":"closed","ping_status":"closed","sticky":false,"template":"","format":"standard","meta":[],"categories":[5,2198,3845,4],"tags":[6927,6727],"_links":{"self":[{"href":"http:\/\/desarrollo.grupomedios.com\/futbol\/wp-json\/wp\/v2\/posts\/414893"}],"collection":[{"href":"http:\/\/desarrollo.grupomedios.com\/futbol\/wp-json\/wp\/v2\/posts"}],"about":[{"href":"http:\/\/desarrollo.grupomedios.com\/futbol\/wp-json\/wp\/v2\/types\/post"}],"author":[{"embeddable":true,"href":"http:\/\/desarrollo.grupomedios.com\/futbol\/wp-json\/wp\/v2\/users\/20"}],"replies":[{"embeddable":true,"href":"http:\/\/desarrollo.grupomedios.com\/futbol\/wp-json\/wp\/v2\/comments?post=414893"}],"version-history":[{"count":0,"href":"http:\/\/desarrollo.grupomedios.com\/futbol\/wp-json\/wp\/v2\/posts\/414893\/revisions"}],"wp:featuredmedia":[{"embeddable":true,"href":"http:\/\/desarrollo.grupomedios.com\/futbol\/wp-json\/wp\/v2\/media\/414912"}],"wp:attachment":[{"href":"http:\/\/desarrollo.grupomedios.com\/futbol\/wp-json\/wp\/v2\/media?parent=414893"}],"wp:term":[{"taxonomy":"category","embeddable":true,"href":"http:\/\/desarrollo.grupomedios.com\/futbol\/wp-json\/wp\/v2\/categories?post=414893"},{"taxonomy":"post_tag","embeddable":true,"href":"http:\/\/desarrollo.grupomedios.com\/futbol\/wp-json\/wp\/v2\/tags?post=414893"}],"curies":[{"name":"wp","href":"https:\/\/api.w.org\/{rel}","templated":true}]}}