{"id":414894,"date":"2016-08-01T13:16:10","date_gmt":"2016-08-01T18:16:10","guid":{"rendered":"http:\/\/www.futboltotal.com.mx\/?p=414894"},"modified":"2016-08-01T21:29:23","modified_gmt":"2016-08-02T02:29:23","slug":"las-emociones-la-jornada-3-del-apertura-2016","status":"publish","type":"post","link":"http:\/\/desarrollo.grupomedios.com\/futbol\/videos\/las-emociones-la-jornada-3-del-apertura-2016\/2016\/08","title":{"rendered":"Las EMOCIONES de&#8230; la jornada 3 del Apertura 2016"},"content":{"rendered":"<p>Pese a que en cuatro partidos se registr\u00f3 s\u00f3lo un gol, la <strong>jornada 3\u00a0del<\/strong>\u00a0<strong>Apertura 2016\u00a0<\/strong>tuvo momentos que hicieron vibrar a los aficionados de la\u00a0Liga MX.\u00a0Fue\u00a0un electrizante fin de semana,\u00a0que dej\u00f3 un mont\u00f3n de cosas para re\u00edr, analizar y, sobre todo, para conversar sobre lo que depara el naciente\u00a0torneo\u00a0<em>azteca<\/em>.<\/p>\n<p>En\u00a0Futbol Total\u00a0no lo pasamos desapercibido, por ello te presentamos las EMOCIONES de la <strong>jornada 3<\/strong> del\u00a0<strong><a href=\"http:\/\/www.futboltotal.com.mx\/futbol-mexicano\/\">Apertura 2016<\/a>\u00a0<\/strong>con el recuento de las sensaciones tras un intenso fin de semana futbolero. \u00a1Rev\u00edvelas!<\/p>\n<p style=\"text-align: center;\"><strong><span style=\"color: #3366ff;\"><a style=\"color: #3366ff;\" href=\"http:\/\/www.futboltotal.com.mx\/2016\/08\/top-5-los-mejores-goles-la-jornada-3-del-apertura-2016\/\">VER M\u00c1S: Los mejores goles de la jornada 3<\/a><\/span><\/strong><\/p>\n<p>[video_player]https:\/\/player.vimeo.com\/external\/177112174.hd.mp4?s=6b0a01fe2b2a26ee4c04e9f54f501006394f01a0&amp;profile_id=119[\/video_player]<\/p>\n","protected":false},"excerpt":{"rendered":"<p>Recuento de las sensaciones tras un intenso fin de semana<\/p>\n","protected":false},"author":20,"featured_media":414897,"comment_status":"closed","ping_status":"closed","sticky":false,"template":"","format":"standard","meta":[],"categories":[2198,3845,4],"tags":[6927,7055],"_links":{"self":[{"href":"http:\/\/desarrollo.grupomedios.com\/futbol\/wp-json\/wp\/v2\/posts\/414894"}],"collection":[{"href":"http:\/\/desarrollo.grupomedios.com\/futbol\/wp-json\/wp\/v2\/posts"}],"about":[{"href":"http:\/\/desarrollo.grupomedios.com\/futbol\/wp-json\/wp\/v2\/types\/post"}],"author":[{"embeddable":true,"href":"http:\/\/desarrollo.grupomedios.com\/futbol\/wp-json\/wp\/v2\/users\/20"}],"replies":[{"embeddable":true,"href":"http:\/\/desarrollo.grupomedios.com\/futbol\/wp-json\/wp\/v2\/comments?post=414894"}],"version-history":[{"count":0,"href":"http:\/\/desarrollo.grupomedios.com\/futbol\/wp-json\/wp\/v2\/posts\/414894\/revisions"}],"wp:featuredmedia":[{"embeddable":true,"href":"http:\/\/desarrollo.grupomedios.com\/futbol\/wp-json\/wp\/v2\/media\/414897"}],"wp:attachment":[{"href":"http:\/\/desarrollo.grupomedios.com\/futbol\/wp-json\/wp\/v2\/media?parent=414894"}],"wp:term":[{"taxonomy":"category","embeddable":true,"href":"http:\/\/desarrollo.grupomedios.com\/futbol\/wp-json\/wp\/v2\/categories?post=414894"},{"taxonomy":"post_tag","embeddable":true,"href":"http:\/\/desarrollo.grupomedios.com\/futbol\/wp-json\/wp\/v2\/tags?post=414894"}],"curies":[{"name":"wp","href":"https:\/\/api.w.org\/{rel}","templated":true}]}}