{"id":414899,"date":"2016-08-02T10:21:31","date_gmt":"2016-08-02T15:21:31","guid":{"rendered":"http:\/\/www.futboltotal.com.mx\/?p=414899"},"modified":"2016-08-02T10:21:35","modified_gmt":"2016-08-02T15:21:35","slug":"maximos-goleadores-los-equipos-la-liga-mx-2","status":"publish","type":"post","link":"http:\/\/desarrollo.grupomedios.com\/futbol\/destacado-home\/maximos-goleadores-los-equipos-la-liga-mx-2\/2016\/08","title":{"rendered":"M\u00e1ximos goleadores de los equipos de la Liga MX"},"content":{"rendered":"<p>En la pasada jornada del Apertura 2016,\u00a0<strong>Emanuel Villa<\/strong>\u00a0se convirti\u00f3 en el\u00a0<a href=\"http:\/\/www.futboltotal.com.mx\/2016\/07\/tito-villa-maximo-goleador-del-queretaro\/\"><strong>m\u00e1ximo goleador<\/strong>\u00a0del <strong>Quer\u00e9taro<\/strong><\/a>\u00a0en la Primera Divisi\u00f3n de M\u00e9xico. Con sus dos tantos\u00a0ante el Puebla, el delantero argentino\u00a0lleg\u00f3 a\u00a0<strong>24 goles<\/strong>\u00a0como jugador de <em>Gallos<\/em>\u00a0y super\u00f3\u00a0al uruguayo Carlos Bueno, quien contabiliz\u00f3 23 dianas con el cuadro queretano.<\/p>\n<p>La\u00a0haza\u00f1a del <em>Tito<\/em> <strong>Villa<\/strong>\u00a0es un buen pretexto para recordar a los <strong>m\u00e1ximos goleadores<\/strong> de los 18 equipos que actualmente militan en la\u00a0<strong>Liga MX<\/strong>.<\/p>\n<p><a href=\"http:\/\/www.futboltotal.com.mx\/2016\/08\/maximos-goleadores-los-equipos-la-liga-mx-2\/maximos-goleadores-liga-mx\/\" rel=\"attachment wp-att-415043\"><img decoding=\"async\" loading=\"lazy\" class=\"aligncenter size-full wp-image-415043\" src=\"http:\/\/www.futboltotal.com.mx\/wp-content\/uploads\/2016\/08\/maximos-goleadores-liga-mx.jpg\" alt=\"maximos-goleadores-liga-mx\" srcset=\"http:\/\/desarrollo.grupomedios.com\/futbol\/wp-content\/uploads\/2016\/08\/maximos-goleadores-liga-mx.jpg 858w, http:\/\/desarrollo.grupomedios.com\/futbol\/wp-content\/uploads\/2016\/08\/maximos-goleadores-liga-mx-214x300.jpg 214w, http:\/\/desarrollo.grupomedios.com\/futbol\/wp-content\/uploads\/2016\/08\/maximos-goleadores-liga-mx-768x1075.jpg 768w, http:\/\/desarrollo.grupomedios.com\/futbol\/wp-content\/uploads\/2016\/08\/maximos-goleadores-liga-mx-732x1024.jpg 732w\" sizes=\"(max-width: 858px) 100vw, 858px\" \/><\/a><\/p>\n<p>Cabe destacar que de las 18 leyendas, solo\u00a0<strong>Emanuel Villa<\/strong>\u00a0y\u00a0<strong>Dayro Moreno<\/strong>\u00a0participan en el presente\u00a0<strong>Apertura 2016<\/strong>\u00a0de la\u00a0<strong>Liga MX<\/strong>. Tanto el argentino naturalizado mexicano como el colombiano tienen la\u00a0opci\u00f3n de ensanchar su marca al jugar para las Quer\u00e9taro y Xolos, respectivamente.<\/p>\n<p><span style=\"color: #ff0000;\"><strong>VIDEO<\/strong>: Las EMOCIONES de&#8230; la jornada 3 del Apertura 2016<\/span><\/p>\n<p>[video_player]https:\/\/player.vimeo.com\/external\/177112174.hd.mp4?s=6b0a01fe2b2a26ee4c04e9f54f501006394f01a0&amp;profile_id=119[\/video_player]<\/p>\n","protected":false},"excerpt":{"rendered":"<p>Emanuel Villa se convirti\u00f3 en el m\u00e1ximo goleador del Quer\u00e9taro<\/p>\n","protected":false},"author":20,"featured_media":414902,"comment_status":"closed","ping_status":"closed","sticky":false,"template":"","format":"standard","meta":[],"categories":[5,2198,3845],"tags":[6927],"_links":{"self":[{"href":"http:\/\/desarrollo.grupomedios.com\/futbol\/wp-json\/wp\/v2\/posts\/414899"}],"collection":[{"href":"http:\/\/desarrollo.grupomedios.com\/futbol\/wp-json\/wp\/v2\/posts"}],"about":[{"href":"http:\/\/desarrollo.grupomedios.com\/futbol\/wp-json\/wp\/v2\/types\/post"}],"author":[{"embeddable":true,"href":"http:\/\/desarrollo.grupomedios.com\/futbol\/wp-json\/wp\/v2\/users\/20"}],"replies":[{"embeddable":true,"href":"http:\/\/desarrollo.grupomedios.com\/futbol\/wp-json\/wp\/v2\/comments?post=414899"}],"version-history":[{"count":0,"href":"http:\/\/desarrollo.grupomedios.com\/futbol\/wp-json\/wp\/v2\/posts\/414899\/revisions"}],"wp:featuredmedia":[{"embeddable":true,"href":"http:\/\/desarrollo.grupomedios.com\/futbol\/wp-json\/wp\/v2\/media\/414902"}],"wp:attachment":[{"href":"http:\/\/desarrollo.grupomedios.com\/futbol\/wp-json\/wp\/v2\/media?parent=414899"}],"wp:term":[{"taxonomy":"category","embeddable":true,"href":"http:\/\/desarrollo.grupomedios.com\/futbol\/wp-json\/wp\/v2\/categories?post=414899"},{"taxonomy":"post_tag","embeddable":true,"href":"http:\/\/desarrollo.grupomedios.com\/futbol\/wp-json\/wp\/v2\/tags?post=414899"}],"curies":[{"name":"wp","href":"https:\/\/api.w.org\/{rel}","templated":true}]}}