{"id":414923,"date":"2016-08-01T14:28:45","date_gmt":"2016-08-01T19:28:45","guid":{"rendered":"http:\/\/www.futboltotal.com.mx\/?p=414923"},"modified":"2016-08-01T14:31:59","modified_gmt":"2016-08-01T19:31:59","slug":"blaszczykowski-deja-borussia-dortmund","status":"publish","type":"post","link":"http:\/\/desarrollo.grupomedios.com\/futbol\/futbol-internacional\/blaszczykowski-deja-borussia-dortmund\/2016\/08","title":{"rendered":"Blaszczykowski deja al Borussia Dortmund"},"content":{"rendered":"<p>El centrocampista polaco<strong> Jakub Blaszczykowski<\/strong>, cedido la temporada pasada por el <strong>Borussia Dortmund<\/strong> a la Fiorentina de la liga italiana, firm\u00f3 este lunes un acuerdo que le unir\u00e1 al <strong>Wolfsburgo<\/strong> hasta 2019.<\/p>\n<p style=\"text-align: center;\"><span style=\"color: #3366ff;\"><strong><a style=\"color: #3366ff;\" href=\"http:\/\/www.futboltotal.com.mx\/2016\/08\/mercado-fichajes-en-europa\/\">LEER M\u00c1S: Mercado de fichajes en Europa<\/a><\/strong><\/span><\/p>\n<blockquote class=\"twitter-tweet\" data-lang=\"es\">\n<p dir=\"ltr\" lang=\"pl\">ICYMI: Jakub Blaszczykowski transfers to <a href=\"https:\/\/twitter.com\/VfLWolfsburg_EN\">@VfLWolfsburg_EN<\/a> <a href=\"https:\/\/t.co\/mkZEM6Vvt4\">https:\/\/t.co\/mkZEM6Vvt4<\/a> <a href=\"https:\/\/t.co\/MwteAW686I\">pic.twitter.com\/MwteAW686I<\/a><\/p>\n<p>\u2014 Borussia Dortmund (@BVB) <a href=\"https:\/\/twitter.com\/BVB\/status\/760154709139288064\">1 de agosto de 2016<\/a><\/p><\/blockquote>\n<p><script src=\"\/\/platform.twitter.com\/widgets.js\" async=\"\" charset=\"utf-8\"><\/script><\/p>\n<p>&#8220;Jakub <strong>Blaszczykowski<\/strong> es un jugador que viene bien a cualquier equipo, no s\u00f3lo por su calidad futbol\u00edstica, sino tambi\u00e9n porque es un ejemplo de compromiso, entrega y pasi\u00f3n y porque se identifica en un ciento por cien con su club&#8221;, declar\u00f3 el director deportivo del Wolfsburgo, Klaus Allofs, respecto al traspaso.<\/p>\n<p>El entrenador del Wolfsburgo, Dieter Hecking, habl\u00f3 de un refuerzo y un salto cualitativo del equipo con la incorporaci\u00f3n del internacional polaco, de 30 a\u00f1os.<\/p>\n<blockquote class=\"twitter-tweet\" data-lang=\"es\"><p>\n<a href=\"https:\/\/twitter.com\/hashtag\/Blaszczykowski?src=hash\">#Blaszczykowski<\/a> <a href=\"https:\/\/t.co\/XKoYnnoHMC\">pic.twitter.com\/XKoYnnoHMC<\/a><\/p>\n<p>\u2014 VfL_Wolfsburg (@VfL_Wolfsburg) <a href=\"https:\/\/twitter.com\/VfL_Wolfsburg\/status\/760130861631148032\">1 de agosto de 2016<\/a>\n<\/p><\/blockquote>\n<p><script src=\"\/\/platform.twitter.com\/widgets.js\" async=\"\" charset=\"utf-8\"><\/script><\/p>\n<p>&#8220;Con \u00e9l aumenta nuevamente y de manera notable nuestra versatilidad y fuerza por el flanco derecho. Adem\u00e1s, Jakub nos permitir\u00e1 avanzar con su gran experiencia. Es un gran enriquecimiento para nosotros&#8221;, afirm\u00f3.<\/p>\n<p>La suma por el traspaso de <strong>Blaszczykowski<\/strong>, quien hoy public\u00f3 un emotivo mensaje para despedirse del Dortmun en redes sociales,\u00a0asciende a cuatro millones de euros, aunque ambos clubes acordaron mantener silencio sobre las modalidades del mismo.<\/p>\n<blockquote class=\"twitter-tweet\" data-lang=\"es\">\n<p dir=\"ltr\" lang=\"pl\">Dzi\u0119kuj\u0119, Kuba! <a href=\"https:\/\/t.co\/Nhi9dIfWs6\">pic.twitter.com\/Nhi9dIfWs6<\/a><\/p>\n<p>\u2014 Borussia Dortmund (@BVB) <a href=\"https:\/\/twitter.com\/BVB\/status\/760109140438056962\">1 de agosto de 2016<\/a><\/p><\/blockquote>\n<p><script src=\"\/\/platform.twitter.com\/widgets.js\" async=\"\" charset=\"utf-8\"><\/script><br \/>\nEl centrocampista -la sexta incorporaci\u00f3n al Wolfsburgo para la pr\u00f3xima temporada- disput\u00f3 para el Borussia desde 2007 un total de 197 partidos de la Bundesliga, en los que marc\u00f3 27 goles y 43 pases.<\/p>\n","protected":false},"excerpt":{"rendered":"<p>El mediocampista publica un emotivo mensaje ante de cambiar de club <\/p>\n","protected":false},"author":20,"featured_media":414924,"comment_status":"closed","ping_status":"closed","sticky":false,"template":"","format":"standard","meta":[],"categories":[3839,6822,5951],"tags":[6047,7295],"_links":{"self":[{"href":"http:\/\/desarrollo.grupomedios.com\/futbol\/wp-json\/wp\/v2\/posts\/414923"}],"collection":[{"href":"http:\/\/desarrollo.grupomedios.com\/futbol\/wp-json\/wp\/v2\/posts"}],"about":[{"href":"http:\/\/desarrollo.grupomedios.com\/futbol\/wp-json\/wp\/v2\/types\/post"}],"author":[{"embeddable":true,"href":"http:\/\/desarrollo.grupomedios.com\/futbol\/wp-json\/wp\/v2\/users\/20"}],"replies":[{"embeddable":true,"href":"http:\/\/desarrollo.grupomedios.com\/futbol\/wp-json\/wp\/v2\/comments?post=414923"}],"version-history":[{"count":0,"href":"http:\/\/desarrollo.grupomedios.com\/futbol\/wp-json\/wp\/v2\/posts\/414923\/revisions"}],"wp:featuredmedia":[{"embeddable":true,"href":"http:\/\/desarrollo.grupomedios.com\/futbol\/wp-json\/wp\/v2\/media\/414924"}],"wp:attachment":[{"href":"http:\/\/desarrollo.grupomedios.com\/futbol\/wp-json\/wp\/v2\/media?parent=414923"}],"wp:term":[{"taxonomy":"category","embeddable":true,"href":"http:\/\/desarrollo.grupomedios.com\/futbol\/wp-json\/wp\/v2\/categories?post=414923"},{"taxonomy":"post_tag","embeddable":true,"href":"http:\/\/desarrollo.grupomedios.com\/futbol\/wp-json\/wp\/v2\/tags?post=414923"}],"curies":[{"name":"wp","href":"https:\/\/api.w.org\/{rel}","templated":true}]}}