{"id":414942,"date":"2016-08-01T15:46:08","date_gmt":"2016-08-01T20:46:08","guid":{"rendered":"http:\/\/www.futboltotal.com.mx\/?p=414942"},"modified":"2016-08-01T16:45:54","modified_gmt":"2016-08-01T21:45:54","slug":"rooney-recuerda-solo-golpes-de-pogba","status":"publish","type":"post","link":"http:\/\/desarrollo.grupomedios.com\/futbol\/futbol-internacional\/rooney-recuerda-solo-golpes-de-pogba\/2016\/08","title":{"rendered":"Rooney recuerda solo golpes de Pogba"},"content":{"rendered":"<p>El recuerdo que dej\u00f3 el mediocampista\u00a0<strong>Paul Pogba<\/strong> durante su primera etapa con el <strong>Manchester United<\/strong> no fue del todo grato para el delantero <strong>Wayne Rooney<\/strong>. El franc\u00e9s pas\u00f3 entre 2009 y 2012 con los <em>Red Devils\u00a0<\/em>y no era el mediocampista de t\u00e9cnica depurada y regate exquisito que lo ha llevado a ser multicampe\u00f3n con la Juventus. Seg\u00fan el m\u00e1ximo anotador de los <em>Diablos<\/em> era un &#8220;carnicero en los entrenamientos&#8221;.<\/p>\n<blockquote><p>&#8220;Si algo recuerdo de Pogba son los golpes. Era de esos jugadores que durante los entrenamientos terminaba haciendo da\u00f1o de una u otra forma. Si no clavaba la rodilla, se tropezaba contigo&#8221;, explic\u00f3 <strong>Rooney<\/strong> en entrevista para el <em>Daily Mail<\/em>, Luego resalt\u00f3: &#8220;No creo que lo haya hecho con ese fin, pero al final suced\u00eda&#8221;.<\/p><\/blockquote>\n<p style=\"text-align: center;\"><a href=\"http:\/\/www.futboltotal.com.mx\/futbol-internacional\/\"><span style=\"color: #3366ff;\"><strong>LEER M\u00c1S: Todas las noticas de futbol internacional\u00a0<\/strong><\/span><\/a><\/p>\n<blockquote><p>&#8220;No hac\u00eda falta que te hiciera una entrada, basta con que corra al lado para encontrarte con su codo o algo con lo que pudieras golpearte&#8221;. agreg\u00f3 Wayne.<\/p><\/blockquote>\n<p>Sin embargo,<strong> Rooney<\/strong> afirm\u00f3 que el episodio solo es parte del anecdotario y ahora conf\u00eda en que <strong>Pogba<\/strong>, en caso de llegar al <strong>Manchester United<\/strong> como el \u00faltimo refuerzo de Mourinho para la pr\u00f3xima temporada, &#8220;demuestre que se ha convertido en un fuera de serie&#8221;.<\/p>\n<blockquote><p>&#8220;Ahora estoy preparado para enfrentarme a este tipo de cosas de nuevo. En la Juventus logr\u00f3 mejorar y desarrollar sus cualidades, ha mejorado bastante. Veremos que pasa despu\u00e9s&#8221;, acot\u00f3 .<\/p><\/blockquote>\n","protected":false},"excerpt":{"rendered":"<p>As\u00ed habl\u00f3 el capit\u00e1n ingl\u00e9s sobre el futurible fichaje del Manchester United<\/p>\n","protected":false},"author":20,"featured_media":414944,"comment_status":"closed","ping_status":"closed","sticky":false,"template":"","format":"standard","meta":[],"categories":[3839,3846,5951],"tags":[43,6051],"_links":{"self":[{"href":"http:\/\/desarrollo.grupomedios.com\/futbol\/wp-json\/wp\/v2\/posts\/414942"}],"collection":[{"href":"http:\/\/desarrollo.grupomedios.com\/futbol\/wp-json\/wp\/v2\/posts"}],"about":[{"href":"http:\/\/desarrollo.grupomedios.com\/futbol\/wp-json\/wp\/v2\/types\/post"}],"author":[{"embeddable":true,"href":"http:\/\/desarrollo.grupomedios.com\/futbol\/wp-json\/wp\/v2\/users\/20"}],"replies":[{"embeddable":true,"href":"http:\/\/desarrollo.grupomedios.com\/futbol\/wp-json\/wp\/v2\/comments?post=414942"}],"version-history":[{"count":0,"href":"http:\/\/desarrollo.grupomedios.com\/futbol\/wp-json\/wp\/v2\/posts\/414942\/revisions"}],"wp:featuredmedia":[{"embeddable":true,"href":"http:\/\/desarrollo.grupomedios.com\/futbol\/wp-json\/wp\/v2\/media\/414944"}],"wp:attachment":[{"href":"http:\/\/desarrollo.grupomedios.com\/futbol\/wp-json\/wp\/v2\/media?parent=414942"}],"wp:term":[{"taxonomy":"category","embeddable":true,"href":"http:\/\/desarrollo.grupomedios.com\/futbol\/wp-json\/wp\/v2\/categories?post=414942"},{"taxonomy":"post_tag","embeddable":true,"href":"http:\/\/desarrollo.grupomedios.com\/futbol\/wp-json\/wp\/v2\/tags?post=414942"}],"curies":[{"name":"wp","href":"https:\/\/api.w.org\/{rel}","templated":true}]}}