{"id":414954,"date":"2016-08-01T17:02:14","date_gmt":"2016-08-01T22:02:14","guid":{"rendered":"http:\/\/www.futboltotal.com.mx\/?p=414954"},"modified":"2016-08-01T17:09:47","modified_gmt":"2016-08-01T22:09:47","slug":"campeon-leicester-ficha-a-kapustka","status":"publish","type":"post","link":"http:\/\/desarrollo.grupomedios.com\/futbol\/futbol-internacional\/campeon-leicester-ficha-a-kapustka\/2016\/08","title":{"rendered":"Campe\u00f3n Leicester ficha al recambio de Mahrez"},"content":{"rendered":"<p>Jacek\u00a0Zielinski es el entrenador del Cracovia polaco y en la pasada temporada decidi\u00f3 apostar por\u00a0<strong>Bartosz Kapustka<\/strong>:\u00a0&#8220;Estaba en el equipo desde 2013 y ha progresado como pocos. Es uno de los extremos con mayor proyecci\u00f3n. Es muy \u00e1gil y veloz por ambas bandas&#8221;. Con estas palabras el estratega augura un buen futuro al atacante polaco de 19 a\u00f1os, quien dejar\u00e1 el balompi\u00e9 de su natal para enrolarse con el campe\u00f3n de la Premier League, el <strong>Leicester City.<\/strong><\/p>\n<p>En la medida de sus posibilidad los <em>Foxes<\/em> han retocado la plantilla para la temporada 2016-17 y <strong>Kapustka<\/strong> se convertir\u00e1 en el quinto fichaje de Claudio Ranieri. El internacional polaco, quien dej\u00f3 buenas sensaciones tras disputar la pasada Eurocopa 2016, ya est\u00e1 en Inglaterra para presentar las pruebas m\u00e9dicas y finiquitar los detalles de su contrataci\u00f3n.<\/p>\n<p style=\"text-align: center;\"><span style=\"color: #3366ff;\"><strong><a style=\"color: #3366ff;\" href=\"http:\/\/www.futboltotal.com.mx\/2016\/08\/mercado-fichajes-en-europa\/\">LEER M\u00c1S: Mercado de fiches en Europa<\/a><\/strong><\/span><\/p>\n<p><iframe loading=\"lazy\" src=\"https:\/\/www.youtube.com\/embed\/h-P5PodgawU\" frameborder=\"0\" allowfullscreen=\"allowfullscreen\"><\/iframe><\/p>\n<p>La contrataci\u00f3n de<strong> Kaputstka\u00a0<\/strong>se har\u00e1 oficial en las pr\u00f3ximas horas despu\u00e9s de que el <strong>Leicester<\/strong> acordase el pago de 7.5 millones de libras (casi nueve MDE) con el Cracovia y con el jugador la firma de un contrato por cinco temporadas, seg\u00fan apunta <em>Sky Sports<\/em>. Tras la negociaci\u00f3n, el <strong>Leicester<\/strong> habr\u00e1 concretado su tercer fichaje m\u00e1s costoso para la temporada 2016-17, misma en la que hasta el momento ha invertido 38.5 millones de euros con las contrataciones del delantero Ahmed Musa, el centrocampista Nampalys Mendy, el arquero Ron Robert Zieler y el defensa central Luis Hern\u00e1ndez.<\/p>\n<p>Cabe apuntar que la perla croata no ser\u00e1 el \u00faltimo fichaje del campe\u00f3n ingl\u00e9s en el presente mercado de fichajes. El entrenador Claudio Ranieri declar\u00f3 este d\u00eda que &#8220;si hay algo m\u00e1s que el equipo necesita el presidente est\u00e1 dispuesto a comprar m\u00e1s jugadores&#8221;. \u00bfCu\u00e1ntos refuerzos m\u00e1s tendr\u00e1 el <strong>Leicester City<\/strong>?<\/p>\n","protected":false},"excerpt":{"rendered":"<p>Los Foxes pagan millonaria cifra por la perla croata de 19 a\u00f1os<\/p>\n","protected":false},"author":20,"featured_media":414963,"comment_status":"closed","ping_status":"closed","sticky":false,"template":"","format":"standard","meta":[],"categories":[3839,3846],"tags":[640,775],"_links":{"self":[{"href":"http:\/\/desarrollo.grupomedios.com\/futbol\/wp-json\/wp\/v2\/posts\/414954"}],"collection":[{"href":"http:\/\/desarrollo.grupomedios.com\/futbol\/wp-json\/wp\/v2\/posts"}],"about":[{"href":"http:\/\/desarrollo.grupomedios.com\/futbol\/wp-json\/wp\/v2\/types\/post"}],"author":[{"embeddable":true,"href":"http:\/\/desarrollo.grupomedios.com\/futbol\/wp-json\/wp\/v2\/users\/20"}],"replies":[{"embeddable":true,"href":"http:\/\/desarrollo.grupomedios.com\/futbol\/wp-json\/wp\/v2\/comments?post=414954"}],"version-history":[{"count":0,"href":"http:\/\/desarrollo.grupomedios.com\/futbol\/wp-json\/wp\/v2\/posts\/414954\/revisions"}],"wp:featuredmedia":[{"embeddable":true,"href":"http:\/\/desarrollo.grupomedios.com\/futbol\/wp-json\/wp\/v2\/media\/414963"}],"wp:attachment":[{"href":"http:\/\/desarrollo.grupomedios.com\/futbol\/wp-json\/wp\/v2\/media?parent=414954"}],"wp:term":[{"taxonomy":"category","embeddable":true,"href":"http:\/\/desarrollo.grupomedios.com\/futbol\/wp-json\/wp\/v2\/categories?post=414954"},{"taxonomy":"post_tag","embeddable":true,"href":"http:\/\/desarrollo.grupomedios.com\/futbol\/wp-json\/wp\/v2\/tags?post=414954"}],"curies":[{"name":"wp","href":"https:\/\/api.w.org\/{rel}","templated":true}]}}