{"id":414955,"date":"2016-08-01T16:37:28","date_gmt":"2016-08-01T21:37:28","guid":{"rendered":"http:\/\/www.futboltotal.com.mx\/?p=414955"},"modified":"2016-08-01T16:37:28","modified_gmt":"2016-08-01T21:37:28","slug":"nueva-zelanda-sera-rival-del-tri","status":"publish","type":"post","link":"http:\/\/desarrollo.grupomedios.com\/futbol\/futbol-mexicano\/nueva-zelanda-sera-rival-del-tri\/2016\/08","title":{"rendered":"Nueva Zelanda ser\u00e1 rival de M\u00e9xico"},"content":{"rendered":"<p><strong>Nueva Zelanda<\/strong> ser\u00e1 rival de la <strong>Selecci\u00f3n Mexicana<\/strong> el pr\u00f3ximo 8 de octubre, en duelo de preparaci\u00f3n que se disputar\u00e1 en Nashville, Tennessee.<\/p>\n<p>El partido de car\u00e1cter amistoso ante los neozelandeses se disputar\u00e1 en <strong>Fecha FIFA<\/strong>, por lo que el colombiano Juan Carlos Osorio, entrenador del <em>Tri<\/em>, podr\u00e1 contar con los mexicanos que participan fuera de la Liga MX.<\/p>\n<blockquote class=\"twitter-tweet\" data-lang=\"es\">\n<p dir=\"ltr\" lang=\"en\">NEWS | The <a href=\"https:\/\/twitter.com\/hashtag\/AllWhites?src=hash\">#AllWhites<\/a> will face world No.14 Mexico in an international friendly in October <a href=\"https:\/\/t.co\/ggA3sRXuDo\">https:\/\/t.co\/ggA3sRXuDo<\/a> <a href=\"https:\/\/t.co\/M0Gu4HidkU\">pic.twitter.com\/M0Gu4HidkU<\/a><\/p>\n<p>\u2014 New Zealand Football (@NZ_Football) <a href=\"https:\/\/twitter.com\/NZ_Football\/status\/760202264224993280\">1 de agosto de 2016<\/a><\/p><\/blockquote>\n<p><script src=\"\/\/platform.twitter.com\/widgets.js\" async=\"\" charset=\"utf-8\"><\/script><\/p>\n<p>En tanto, trasciende que el 11 de octubre, la <strong>Selecci\u00f3n Mexicana<\/strong> se medir\u00e1 ante su similar de Guatemala, tambi\u00e9n en Estados Unidos.<\/p>\n<p>En ese sentido, cabe apuntar que <strong>M\u00e9xico <\/strong>puede presumir nueve a\u00f1os invicto contra Guatemala, mientras que frente a <strong>Nueva Zelanda<\/strong> tiene 26 a\u00f1os sin perder.<\/p>\n<p style=\"text-align: center;\"><strong><span style=\"color: #3366ff;\"><a style=\"color: #3366ff;\" href=\"http:\/\/www.futboltotal.com.mx\/futbol-mexicano\/seleccion-mexicana\/\">LEER M\u00c1S: Todas las noticias de la Selecci\u00f3n Mexicana<\/a><\/span><\/strong><\/p>\n<p>Los duelos amistosos llegar\u00e1n despu\u00e9s de los dos compromisos con los que el <em>Tri<\/em> cerrar\u00e1 la pen\u00faltima fase de las eliminatorias mundialistas, frente a El Salvador como visitante y contra Honduras en el Estadio Azteca, el 2 y 6 de septiembre, respectivamente.<\/p>\n<p>Mientras que el 11 y 15 de noviembre, <strong>M\u00e9xico<\/strong> disputar\u00e1 las dos primeras jornadas del Hexagonal Final.<\/p>\n","protected":false},"excerpt":{"rendered":"<p>El duelo se disputar\u00e1 el pr\u00f3ximo 8 de octubre en Tennessee<\/p>\n","protected":false},"author":20,"featured_media":414958,"comment_status":"closed","ping_status":"closed","sticky":false,"template":"","format":"standard","meta":[],"categories":[2198,3847,5950],"tags":[5979],"_links":{"self":[{"href":"http:\/\/desarrollo.grupomedios.com\/futbol\/wp-json\/wp\/v2\/posts\/414955"}],"collection":[{"href":"http:\/\/desarrollo.grupomedios.com\/futbol\/wp-json\/wp\/v2\/posts"}],"about":[{"href":"http:\/\/desarrollo.grupomedios.com\/futbol\/wp-json\/wp\/v2\/types\/post"}],"author":[{"embeddable":true,"href":"http:\/\/desarrollo.grupomedios.com\/futbol\/wp-json\/wp\/v2\/users\/20"}],"replies":[{"embeddable":true,"href":"http:\/\/desarrollo.grupomedios.com\/futbol\/wp-json\/wp\/v2\/comments?post=414955"}],"version-history":[{"count":0,"href":"http:\/\/desarrollo.grupomedios.com\/futbol\/wp-json\/wp\/v2\/posts\/414955\/revisions"}],"wp:featuredmedia":[{"embeddable":true,"href":"http:\/\/desarrollo.grupomedios.com\/futbol\/wp-json\/wp\/v2\/media\/414958"}],"wp:attachment":[{"href":"http:\/\/desarrollo.grupomedios.com\/futbol\/wp-json\/wp\/v2\/media?parent=414955"}],"wp:term":[{"taxonomy":"category","embeddable":true,"href":"http:\/\/desarrollo.grupomedios.com\/futbol\/wp-json\/wp\/v2\/categories?post=414955"},{"taxonomy":"post_tag","embeddable":true,"href":"http:\/\/desarrollo.grupomedios.com\/futbol\/wp-json\/wp\/v2\/tags?post=414955"}],"curies":[{"name":"wp","href":"https:\/\/api.w.org\/{rel}","templated":true}]}}