{"id":415002,"date":"2016-08-01T21:25:49","date_gmt":"2016-08-02T02:25:49","guid":{"rendered":"http:\/\/www.futboltotal.com.mx\/?p=415002"},"modified":"2016-08-02T17:50:23","modified_gmt":"2016-08-02T22:50:23","slug":"granada-trampolin-memo-ochoa","status":"publish","type":"post","link":"http:\/\/desarrollo.grupomedios.com\/futbol\/futbol-internacional\/granada-trampolin-memo-ochoa\/2016\/08","title":{"rendered":"Granada, un trampol\u00edn para Memo Ochoa"},"content":{"rendered":"<p>Durante la pr\u00f3xima temporada 2016-17, <strong>Guillermo Ochoa<\/strong>\u00a0anhela vivir con el<strong> Granada<\/strong> un cap\u00edtulo distinto al que vivi\u00f3 en <strong>M\u00e1laga<\/strong>, donde pas\u00f3 poco m\u00e1s de a\u00f1o y medio con minutos a cuentagotas que repercutieron en la falta de titularidad en la Selecci\u00f3n Mexicana, bajo la gesti\u00f3n de Juan Carlos Osorio.<\/p>\n<p>El calendario futbol\u00edstico de\u00a0<strong>Ochoa<\/strong>\u00a0tiene marcado el pr\u00f3ximo 20 de agosto como el d\u00eda en que podr\u00eda debutar de manera oficial con el conjunto que dirige Paco J\u00e9mez. El rival en turno ser\u00e1 el Villarreal, donde habr\u00e1 de toparse con su connacional Jonathan dos Santos.<\/p>\n<p style=\"text-align: center;\"><span style=\"color: #3366ff;\"><a style=\"color: #3366ff;\" href=\"http:\/\/www.futboltotal.com.mx\/futbol-internacional\/mexicanos-en-europa\/\"><strong>LEER M\u00c1S: Todas las noticias de mexicanos en Europa<\/strong><\/a><\/span><\/p>\n<blockquote class=\"twitter-tweet\" data-lang=\"es\">\n<p dir=\"ltr\" lang=\"es\">\u00a1Ma\u00f1ana tienes una cita muy importante con tu equipo!<br \/>\n\u26bd <a href=\"https:\/\/twitter.com\/SevillaFC\">@SevillaFC<\/a><br \/>\nMartes, 2 agosto<br \/>\n\u23f0 21:00 h<br \/>\nLos C\u00e1rmenes <a href=\"https:\/\/t.co\/3J27oxoftx\">pic.twitter.com\/3J27oxoftx<\/a><\/p>\n<p>\u2014 Granada C.F. (@GranadaCdeF) <a href=\"https:\/\/twitter.com\/GranadaCdeF\/status\/760082870983622656\">1 de agosto de 2016<\/a><\/p><\/blockquote>\n<p><script src=\"\/\/platform.twitter.com\/widgets.js\" async=\"\" charset=\"utf-8\"><\/script><br \/>\n En plena pretemporada, el mexicano augur\u00f3 una campa\u00f1a complicada en la que tendr\u00e1 que pelear con los suyos por mantener la categor\u00eda. Sin embargo espera cumplir con las exigencias del estratega, ganarse un sitio como titular y con ello olvidar los momentos duros que vivi\u00f3 con el cuadro andaluz.<\/p>\n<p>&#8220;Con el M\u00e1laga con fue un paso f\u00e1cil. Fue una apuesta que no tuvo el resultado deseado. Pero aprend\u00ed, mucho y en parte logr\u00e9 adaptare a la Liga&#8221;, confes\u00f3 el mexicano en entrevista para el diario franc\u00e9s <em>L&#8217;Equipe. &#8220;<\/em>Ahora me espera un nuevo reto y el objetivo es hacer una buena temporada y ayudar al equipo a cumplir los objetivos&#8221;, agreg\u00f3.<\/p>\n<blockquote class=\"twitter-tweet\" data-lang=\"es\"><p>\nGranada CF 0 &#8211; 0 Al Ahli \u00a1Aqu\u00ed est\u00e1n las mejores im\u00e1genes del partido amistoso de ayer!<a href=\"https:\/\/t.co\/DKM37oBwPM\">https:\/\/t.co\/DKM37oBwPM<\/a><\/p>\n<p>\u2014 Granada C.F. (@GranadaCdeF) <a href=\"https:\/\/twitter.com\/GranadaCdeF\/status\/759705382730084352\">31 de julio de 2016<\/a>\n<\/p><\/blockquote>\n<p><script src=\"\/\/platform.twitter.com\/widgets.js\" async=\"\" charset=\"utf-8\"><\/script><\/p>\n<p><strong>Ochoa\u00a0<\/strong>estableci\u00f3 que con 31 a\u00f1os est\u00e1 &#8220;en una muy buena edad para ser portero&#8221; y sabe que si las cosas esta vez s\u00ed resultan en el Granada puede ser un trampol\u00edn que lo catapulte a cumplir uno de sus m\u00e1s grande anhelos: jugar en un club que tenga mayor calibre para poder ser campe\u00f3n.<\/p>\n<p>&#8220;Aun tengo el sue\u00f1o de dar el salto a un equipo importante de una gran liga, que luche por ganar t\u00edtulos. Jugar en el Granada me ayudar\u00e1 a seguir en el camino para conseguirlo&#8221;, acot\u00f3.<\/p>\n","protected":false},"excerpt":{"rendered":"<p>El mexicano asegura que aun tiene el sue\u00f1o de militar en un equipo importante <\/p>\n","protected":false},"author":20,"featured_media":415003,"comment_status":"closed","ping_status":"closed","sticky":false,"template":"","format":"standard","meta":[],"categories":[3839,6718],"tags":[700,5991,306],"_links":{"self":[{"href":"http:\/\/desarrollo.grupomedios.com\/futbol\/wp-json\/wp\/v2\/posts\/415002"}],"collection":[{"href":"http:\/\/desarrollo.grupomedios.com\/futbol\/wp-json\/wp\/v2\/posts"}],"about":[{"href":"http:\/\/desarrollo.grupomedios.com\/futbol\/wp-json\/wp\/v2\/types\/post"}],"author":[{"embeddable":true,"href":"http:\/\/desarrollo.grupomedios.com\/futbol\/wp-json\/wp\/v2\/users\/20"}],"replies":[{"embeddable":true,"href":"http:\/\/desarrollo.grupomedios.com\/futbol\/wp-json\/wp\/v2\/comments?post=415002"}],"version-history":[{"count":0,"href":"http:\/\/desarrollo.grupomedios.com\/futbol\/wp-json\/wp\/v2\/posts\/415002\/revisions"}],"wp:featuredmedia":[{"embeddable":true,"href":"http:\/\/desarrollo.grupomedios.com\/futbol\/wp-json\/wp\/v2\/media\/415003"}],"wp:attachment":[{"href":"http:\/\/desarrollo.grupomedios.com\/futbol\/wp-json\/wp\/v2\/media?parent=415002"}],"wp:term":[{"taxonomy":"category","embeddable":true,"href":"http:\/\/desarrollo.grupomedios.com\/futbol\/wp-json\/wp\/v2\/categories?post=415002"},{"taxonomy":"post_tag","embeddable":true,"href":"http:\/\/desarrollo.grupomedios.com\/futbol\/wp-json\/wp\/v2\/tags?post=415002"}],"curies":[{"name":"wp","href":"https:\/\/api.w.org\/{rel}","templated":true}]}}