{"id":415055,"date":"2016-08-02T11:26:59","date_gmt":"2016-08-02T16:26:59","guid":{"rendered":"http:\/\/www.futboltotal.com.mx\/?p=415055"},"modified":"2016-08-02T11:26:59","modified_gmt":"2016-08-02T16:26:59","slug":"falta-pokemones-queja-atletas-en-rio","status":"publish","type":"post","link":"http:\/\/desarrollo.grupomedios.com\/futbol\/no-todo-es-futbol\/falta-pokemones-queja-atletas-en-rio\/2016\/08","title":{"rendered":"\u00a1Falta de pokemones!&#8230; Queja de atletas en R\u00edo"},"content":{"rendered":"<p>Los atletas que participar\u00e1n en R\u00edo 2016 se han quejado de la <strong>falta de pok\u00e9mones en la villa ol\u00edmpica<\/strong>. Y es que hasta el momento, es imposible acceder al <a href=\"http:\/\/www.futboltotal.com.mx\/?s=pokemon\">revolucionario juego de realidad aumentada <strong>Pok\u00e9mon Go<\/strong><\/a> en Brasil.<\/p>\n<p>Ante ello, el pirag\u00fcista franc\u00e9s Matthieu Peche subi\u00f3 una imagen a redes sociales donde reclamaba que no encontraba ning\u00fan <strong>pok\u00e9mon<\/strong>; el deportista public\u00f3\u00a0una captura de pantalla de su avatar solo, en un espacio vac\u00edo, sin ninguna criatura que atrapar.<\/p>\n<p>&#8220;Lo siento chicos no hay <strong>Pok\u00e9mon en la Villa Ol\u00edmpica<\/strong>&#8220;, se lament\u00f3.<\/p>\n<blockquote class=\"twitter-tweet\" data-lang=\"es\">\n<p dir=\"ltr\" lang=\"fr\">D\u00e9sol\u00e9 les gars pas de <a href=\"https:\/\/twitter.com\/hashtag\/pokemon?src=hash\">#pokemon<\/a> dans le village Olympique <a href=\"https:\/\/twitter.com\/hashtag\/Rio2016?src=hash\">#Rio2016<\/a>  <a href=\"https:\/\/twitter.com\/hashtag\/PokemonGO?src=hash\">#PokemonGO<\/a> <a href=\"https:\/\/t.co\/Pqk6AN1Zf1\">pic.twitter.com\/Pqk6AN1Zf1<\/a><\/p>\n<p>\u2014 Matthieu PECHE (@MatthieuPECHE) <a href=\"https:\/\/twitter.com\/MatthieuPECHE\/status\/757412787756888064\">25 de julio de 2016<\/a><\/p><\/blockquote>\n<p><script src=\"\/\/platform.twitter.com\/widgets.js\" async=\"\" charset=\"utf-8\"><\/script><\/p>\n<p>Tanta es la obsesi\u00f3n con el juego que hasta el alcalde de R\u00edo de Janeiro,\u00a0Eduardo Paes,\u00a0hizo una petici\u00f3n p\u00fablica hace unos d\u00edas para que activaran el videojuego en la ciudad brasile\u00f1a con la llegada de los <strong>Juegos Ol\u00edmpicos<\/strong>.<\/p>\n<p>&#8220;Hola, Nintendo! S\u00f3lo faltan 23 d\u00edas para los Juegos Ol\u00edmpicos de R\u00edo 2016. El mundo entero va a venir aqu\u00ed. Ven tambi\u00e9n!&#8221;, escribi\u00f3 el alcalde el pasado 13 de julio en su p\u00e1gina de <em>Facebook<\/em> al creador de <strong>Pok\u00e9mon<\/strong>.<\/p>\n<p style=\"text-align: center;\"><span style=\"color: #3366ff;\"><strong><a style=\"color: #3366ff;\" href=\"http:\/\/www.futboltotal.com.mx\/2016\/07\/pokemon-go-version-futbol\/\">LEER M\u00c1S: Futbol versi\u00f3n Pokemon Go<\/a><\/strong><\/span><\/p>\n<p>Presente en m\u00e1s de 40 pa\u00edses desde principios de julio, la aplicaci\u00f3n m\u00f3vil gratuita, desarrollada por la compa\u00f1\u00eda estadounidense <em>Niantic<\/em>, se ha convertido un aut\u00e9ntico fen\u00f3meno de masas con un r\u00e9cord de descargas.<\/p>\n","protected":false},"excerpt":{"rendered":"<p>Es imposible acceder a la revolucionaria aplicaci\u00f3n en Brasil<\/p>\n","protected":false},"author":20,"featured_media":415058,"comment_status":"closed","ping_status":"closed","sticky":false,"template":"","format":"standard","meta":[],"categories":[5419,7182,5418,7188,6411],"tags":[1911,7254],"_links":{"self":[{"href":"http:\/\/desarrollo.grupomedios.com\/futbol\/wp-json\/wp\/v2\/posts\/415055"}],"collection":[{"href":"http:\/\/desarrollo.grupomedios.com\/futbol\/wp-json\/wp\/v2\/posts"}],"about":[{"href":"http:\/\/desarrollo.grupomedios.com\/futbol\/wp-json\/wp\/v2\/types\/post"}],"author":[{"embeddable":true,"href":"http:\/\/desarrollo.grupomedios.com\/futbol\/wp-json\/wp\/v2\/users\/20"}],"replies":[{"embeddable":true,"href":"http:\/\/desarrollo.grupomedios.com\/futbol\/wp-json\/wp\/v2\/comments?post=415055"}],"version-history":[{"count":0,"href":"http:\/\/desarrollo.grupomedios.com\/futbol\/wp-json\/wp\/v2\/posts\/415055\/revisions"}],"wp:featuredmedia":[{"embeddable":true,"href":"http:\/\/desarrollo.grupomedios.com\/futbol\/wp-json\/wp\/v2\/media\/415058"}],"wp:attachment":[{"href":"http:\/\/desarrollo.grupomedios.com\/futbol\/wp-json\/wp\/v2\/media?parent=415055"}],"wp:term":[{"taxonomy":"category","embeddable":true,"href":"http:\/\/desarrollo.grupomedios.com\/futbol\/wp-json\/wp\/v2\/categories?post=415055"},{"taxonomy":"post_tag","embeddable":true,"href":"http:\/\/desarrollo.grupomedios.com\/futbol\/wp-json\/wp\/v2\/tags?post=415055"}],"curies":[{"name":"wp","href":"https:\/\/api.w.org\/{rel}","templated":true}]}}