{"id":415118,"date":"2016-08-02T15:38:51","date_gmt":"2016-08-02T20:38:51","guid":{"rendered":"http:\/\/www.futboltotal.com.mx\/?p=415118"},"modified":"2016-08-02T15:40:52","modified_gmt":"2016-08-02T20:40:52","slug":"bayern-abre-la-puerta-a-schweisnteiger","status":"publish","type":"post","link":"http:\/\/desarrollo.grupomedios.com\/futbol\/futbol-internacional\/bayern-abre-la-puerta-a-schweisnteiger\/2016\/08","title":{"rendered":"Bayern acude al rescate de Schweinsteiger"},"content":{"rendered":"<p>Solo un d\u00eda despu\u00e9s de que el entrenador Jos\u00e9 Mourinho descartara la continuidad de <strong>Bastian Schweinsteiger<\/strong> para la pr\u00f3xima temporada, el presidente del <strong>Bayern M\u00fanich<\/strong>, Karl-Heinz Rummenigge abri\u00f3 las puertas del club b\u00e1varo al mediocampista alem\u00e1n, quien tambi\u00e9n tiene un par de ofertas en la Serie A del AC Milan e Inter.<\/p>\n<p>&#8220;Si el quiere regresar tendr\u00eda que hac\u00e9rnoslo saber y entonces conversar\u00edamos con \u00e9l&#8221;, apunt\u00f3 el dirigente este martes. &#8220;Bastian es un chico de la casa y su calidad est\u00e1 probada. Veremos como suceden las cosas&#8221;, agreg\u00f3.<\/p>\n<p style=\"text-align: center;\"><span style=\"color: #3366ff;\"><strong><a style=\"color: #3366ff;\" href=\"http:\/\/www.futboltotal.com.mx\/2016\/08\/mercado-fichajes-en-europa\/\">LEER M\u00c1S: Mercado de fichajes en Europa\u00a0<\/a><\/strong><\/span><\/p>\n<p>El pasado martes, cuando <strong>Bastian<\/strong> cumpli\u00f3 32 a\u00f1os,\u00a0fue apartado del primer equipo y se convirti\u00f3 en uno de los nueve descartes del entrenador Jos\u00e9 Mourinho, quien hizo limpia en Old Trafford y dej\u00f3 fuera a los que no contempla en el nuevo proyecto que tendr\u00e1 con el Manchester United durante\u00a0las pr\u00f3ximas tres campa\u00f1as.<\/p>\n<p><strong>Bastian,\u00a0<\/strong>quien dej\u00f3 al Bayern en 2015 para ir a la Premier League,\u00a0tiene contrato hasta el junio de 2017 con los <em>Red Devils\u00a0<\/em>y el club le dar\u00e1 facilidades para buscar acomodo en otro club, seg\u00fan apunta la prensa inglesa. \u00a0Aunque su salario ronda los 9 millones de euros, el club alem\u00e1n no tendr\u00eda problema para llegar a un acuerdo con tal de repatriarlo.<\/p>\n<p>El Bayern ser\u00e1 dirigido por el entrenador italiano Carlo Ancelotti, quien asegur\u00f3 que la plantilla estaba completa tras las contrataciones de Renato Sanches y Mats Hummels. Sin embargo, ante la posible llegada de Bastian, el timonel apunt\u00f3: &#8220;Es un jugador con calidad y aun puede dar mucho, hizo toda una vida en la Bundesliga con el equipo de casa&#8221;.<\/p>\n","protected":false},"excerpt":{"rendered":"<p>Los b\u00e1varos abren la puerta al mediocampista alem\u00e1n de 32 a\u00f1os <\/p>\n","protected":false},"author":20,"featured_media":415126,"comment_status":"closed","ping_status":"closed","sticky":false,"template":"","format":"standard","meta":[],"categories":[3839,6822,5951],"tags":[5746,2056],"_links":{"self":[{"href":"http:\/\/desarrollo.grupomedios.com\/futbol\/wp-json\/wp\/v2\/posts\/415118"}],"collection":[{"href":"http:\/\/desarrollo.grupomedios.com\/futbol\/wp-json\/wp\/v2\/posts"}],"about":[{"href":"http:\/\/desarrollo.grupomedios.com\/futbol\/wp-json\/wp\/v2\/types\/post"}],"author":[{"embeddable":true,"href":"http:\/\/desarrollo.grupomedios.com\/futbol\/wp-json\/wp\/v2\/users\/20"}],"replies":[{"embeddable":true,"href":"http:\/\/desarrollo.grupomedios.com\/futbol\/wp-json\/wp\/v2\/comments?post=415118"}],"version-history":[{"count":0,"href":"http:\/\/desarrollo.grupomedios.com\/futbol\/wp-json\/wp\/v2\/posts\/415118\/revisions"}],"wp:featuredmedia":[{"embeddable":true,"href":"http:\/\/desarrollo.grupomedios.com\/futbol\/wp-json\/wp\/v2\/media\/415126"}],"wp:attachment":[{"href":"http:\/\/desarrollo.grupomedios.com\/futbol\/wp-json\/wp\/v2\/media?parent=415118"}],"wp:term":[{"taxonomy":"category","embeddable":true,"href":"http:\/\/desarrollo.grupomedios.com\/futbol\/wp-json\/wp\/v2\/categories?post=415118"},{"taxonomy":"post_tag","embeddable":true,"href":"http:\/\/desarrollo.grupomedios.com\/futbol\/wp-json\/wp\/v2\/tags?post=415118"}],"curies":[{"name":"wp","href":"https:\/\/api.w.org\/{rel}","templated":true}]}}