{"id":415217,"date":"2016-08-02T18:29:39","date_gmt":"2016-08-02T23:29:39","guid":{"rendered":"http:\/\/www.futboltotal.com.mx\/?p=415217"},"modified":"2016-08-03T10:45:47","modified_gmt":"2016-08-03T15:45:47","slug":"izan-bandera-mexico-en-la-villa-olimpica","status":"publish","type":"post","link":"http:\/\/desarrollo.grupomedios.com\/futbol\/juegos-olimpicos-2016\/izan-bandera-mexico-en-la-villa-olimpica\/2016\/08","title":{"rendered":"Izan bandera de M\u00e9xico en la Villa Ol\u00edmpica"},"content":{"rendered":"<p>En una ceremonia llena de ilusi\u00f3n, se izaron las banderas de las distintas delegaciones, siendo la de <strong>M\u00e9xico<\/strong> una de las que m\u00e1s luci\u00f3 en la<strong> Villa Ol\u00edmpica<\/strong> de <a href=\"http:\/\/www.futboltotal.com.mx\/juegos-olimpicos-2016\/\" target=\"_blank\"><strong>R\u00edo 2016<\/strong><\/a>.<\/p>\n<p>Los atletas <em>azte<\/em><em>cas<\/em>\u00a0entonaron el himno nacional donde estuvo presente (entre otras personas), el titular de la Conade, Alfredo Castillo; as\u00ed com la embajadora mexicana en Brasil, Beatriz Paredes.<\/p>\n<p>Ser\u00e1 el pr\u00f3ximo viernes que comience la fiesta de los<strong> Juegos Ol\u00edmpicos<\/strong> en R\u00edo, donde el sue\u00f1o de los atletas nacionales es traer la mayor cantidad de reconocimientos.<\/p>\n<blockquote class=\"twitter-tweet\" data-lang=\"es\">\n<p dir=\"ltr\" lang=\"es\">Ondea en todo lo alto la bandera de M\u00e9xico en la Villa Ol\u00edmpica de <a href=\"https:\/\/twitter.com\/rio2016_es\">@rio2016_es<\/a> <a href=\"https:\/\/twitter.com\/hashtag\/VoyXMex?src=hash\">#VoyXMex<\/a> <a href=\"https:\/\/t.co\/XdXdQUYeeR\">pic.twitter.com\/XdXdQUYeeR<\/a><\/p>\n<p>\u2014 Comit\u00e9 Ol\u00edmpico MEX (@COM_Mexico) <a href=\"https:\/\/twitter.com\/COM_Mexico\/status\/760602821938917377\">2 de agosto de 2016<\/a><\/p><\/blockquote>\n<p><script src=\"\/\/platform.twitter.com\/widgets.js\" async=\"\" charset=\"utf-8\"><\/script><\/p>\n","protected":false},"excerpt":{"rendered":"<p>El himno nacional retumb\u00f3 en R\u00edo de Janeiro<\/p>\n","protected":false},"author":20,"featured_media":415218,"comment_status":"closed","ping_status":"closed","sticky":false,"template":"","format":"standard","meta":[],"categories":[7269,7182],"tags":[1911],"_links":{"self":[{"href":"http:\/\/desarrollo.grupomedios.com\/futbol\/wp-json\/wp\/v2\/posts\/415217"}],"collection":[{"href":"http:\/\/desarrollo.grupomedios.com\/futbol\/wp-json\/wp\/v2\/posts"}],"about":[{"href":"http:\/\/desarrollo.grupomedios.com\/futbol\/wp-json\/wp\/v2\/types\/post"}],"author":[{"embeddable":true,"href":"http:\/\/desarrollo.grupomedios.com\/futbol\/wp-json\/wp\/v2\/users\/20"}],"replies":[{"embeddable":true,"href":"http:\/\/desarrollo.grupomedios.com\/futbol\/wp-json\/wp\/v2\/comments?post=415217"}],"version-history":[{"count":0,"href":"http:\/\/desarrollo.grupomedios.com\/futbol\/wp-json\/wp\/v2\/posts\/415217\/revisions"}],"wp:featuredmedia":[{"embeddable":true,"href":"http:\/\/desarrollo.grupomedios.com\/futbol\/wp-json\/wp\/v2\/media\/415218"}],"wp:attachment":[{"href":"http:\/\/desarrollo.grupomedios.com\/futbol\/wp-json\/wp\/v2\/media?parent=415217"}],"wp:term":[{"taxonomy":"category","embeddable":true,"href":"http:\/\/desarrollo.grupomedios.com\/futbol\/wp-json\/wp\/v2\/categories?post=415217"},{"taxonomy":"post_tag","embeddable":true,"href":"http:\/\/desarrollo.grupomedios.com\/futbol\/wp-json\/wp\/v2\/tags?post=415217"}],"curies":[{"name":"wp","href":"https:\/\/api.w.org\/{rel}","templated":true}]}}