{"id":415243,"date":"2016-08-02T20:19:28","date_gmt":"2016-08-03T01:19:28","guid":{"rendered":"http:\/\/www.futboltotal.com.mx\/?p=415243"},"modified":"2016-08-02T20:19:28","modified_gmt":"2016-08-03T01:19:28","slug":"potro-gutierrez-suena-seleccion-mexicana","status":"publish","type":"post","link":"http:\/\/desarrollo.grupomedios.com\/futbol\/futbol-mexicano\/potro-gutierrez-suena-seleccion-mexicana\/2016\/08","title":{"rendered":"Potro Guti\u00e9rrez sue\u00f1a con el Tri Mayor"},"content":{"rendered":"<p>Toda vez que dispute su compromiso en los <a href=\"http:\/\/www.futboltotal.com.mx\/juegos-olimpicos-2016\/\" target=\"_blank\"><strong>Juegos Ol\u00edmpicos<\/strong><\/a>, <strong>Ra\u00fal Guti\u00e9rrez<\/strong> tiene en mente dar el siguiente paso y es comenzar a prepararse para que en un futuro sea un opci\u00f3n viable para tomar las riendas de la <a href=\"http:\/\/www.futboltotal.com.mx\/futbol-mexicano\/seleccion-mexicana\/\" target=\"_blank\"><strong>Selecci\u00f3n Mexicana<\/strong><\/a>.<\/p>\n<p>\u201cTodos los entrenadores estamos en un crecimiento y si me lo preguntas en este momento espec\u00edficamente, creo que me encantar\u00eda estar en ayuda del proceso de selecci\u00f3n mayor despu\u00e9s de ganar la medalla en R\u00edo 2016, me encantar\u00eda integrarme a ese proceso para empezar a ver c\u00f3mo se maneja a ese nivel\u201d, confes\u00f3 el timonel en entrevista con <em>Notimex<\/em>.<\/p>\n<blockquote class=\"twitter-tweet\" data-lang=\"es\">\n<p dir=\"ltr\" lang=\"es\"><a href=\"https:\/\/twitter.com\/hashtag\/Ol%C3%ADmpica?src=hash\">#Ol\u00edmpica<\/a> \u00bfC\u00f3mo? \u00bfTodav\u00eda no sabes cu\u00e1l es la m\u00fasica favorita de <a href=\"https:\/\/twitter.com\/erickestefano15\">@erickestefano15<\/a>? Checa esto. <a href=\"https:\/\/twitter.com\/hashtag\/SomosM%C3%A9xico?src=hash\">#SomosM\u00e9xico<\/a> <a href=\"https:\/\/t.co\/avsMlciyCM\">pic.twitter.com\/avsMlciyCM<\/a><\/p>\n<p>\u2014 Selecci\u00f3n Nacional (@miseleccionmx) <a href=\"https:\/\/twitter.com\/miseleccionmx\/status\/760642370362671104\">3 de agosto de 2016<\/a><\/p><\/blockquote>\n<p><script src=\"\/\/platform.twitter.com\/widgets.js\" async=\"\" charset=\"utf-8\"><\/script><\/p>\n<p><strong><em>Potro<\/em> Guti\u00e9rrez<\/strong> ya dirigi\u00f3 a la Sub-17 y ahora lo hace con la 23 que debutar\u00e1 el jueves ante Alemania, por ello, el estratega quiere trascender en la justa para crecer en lo personal.<\/p>\n<p>\u201cHay muchas rutas para llegar a un seleccionado mayor, hist\u00f3ricamente en M\u00e9xico casi tienes que dirigir primero en el M\u00e1ximo Circuito para despu\u00e9s tener ese acceso, pero estamos descubriendo rutas, estamos rompiendo paradigmas\u201d, acot\u00f3.<\/p>\n<blockquote class=\"twitter-tweet\" data-lang=\"es\"><p>\n<a href=\"https:\/\/twitter.com\/hashtag\/Ol%C3%ADmpica?src=hash\">#Ol\u00edmpica<\/a> \u00a1Mira esto!<\/p>\n<p>Platicamos con <a href=\"https:\/\/twitter.com\/marcobueno11\">@marcobueno11<\/a> y esto fue lo que nos cont\u00f3.<a href=\"https:\/\/twitter.com\/hashtag\/SomosM%C3%A9xico?src=hash\">#SomosM\u00e9xico<\/a> <a href=\"https:\/\/t.co\/OqzVd1y02x\">pic.twitter.com\/OqzVd1y02x<\/a><\/p>\n<p>\u2014 Selecci\u00f3n Nacional (@miseleccionmx) <a href=\"https:\/\/twitter.com\/miseleccionmx\/status\/760626538811265024\">3 de agosto de 2016<\/a>\n<\/p><\/blockquote>\n<p><script src=\"\/\/platform.twitter.com\/widgets.js\" async=\"\" charset=\"utf-8\"><\/script><\/p>\n<p>Sobre su participaci\u00f3n en los<strong> Juegos Ol\u00edmpicos<\/strong>, el DT conf\u00eda en emular lo hecho en Londres 2012 y conseguir la segunda medalla de oro en futbol.<\/p>\n<p>\u201cCreo que tuvimos retos importantes a lo largo de toda nuestra historia en selecciones menores y siempre hemos puesto el trabajo, la calidad y mucho coraz\u00f3n en lo que hacemos, eso nos ha dado resultado, entonces si viene esa circunstancia bienvenida, y si no viene pues tambi\u00e9n no pasa nada\u201d, finaliz\u00f3.<\/p>\n","protected":false},"excerpt":{"rendered":"<p>El DT conf\u00eda en su trabajo para dar el salto <\/p>\n","protected":false},"author":20,"featured_media":415244,"comment_status":"closed","ping_status":"closed","sticky":false,"template":"","format":"standard","meta":[],"categories":[2198,7186,7182,3847],"tags":[5979,2377],"_links":{"self":[{"href":"http:\/\/desarrollo.grupomedios.com\/futbol\/wp-json\/wp\/v2\/posts\/415243"}],"collection":[{"href":"http:\/\/desarrollo.grupomedios.com\/futbol\/wp-json\/wp\/v2\/posts"}],"about":[{"href":"http:\/\/desarrollo.grupomedios.com\/futbol\/wp-json\/wp\/v2\/types\/post"}],"author":[{"embeddable":true,"href":"http:\/\/desarrollo.grupomedios.com\/futbol\/wp-json\/wp\/v2\/users\/20"}],"replies":[{"embeddable":true,"href":"http:\/\/desarrollo.grupomedios.com\/futbol\/wp-json\/wp\/v2\/comments?post=415243"}],"version-history":[{"count":0,"href":"http:\/\/desarrollo.grupomedios.com\/futbol\/wp-json\/wp\/v2\/posts\/415243\/revisions"}],"wp:featuredmedia":[{"embeddable":true,"href":"http:\/\/desarrollo.grupomedios.com\/futbol\/wp-json\/wp\/v2\/media\/415244"}],"wp:attachment":[{"href":"http:\/\/desarrollo.grupomedios.com\/futbol\/wp-json\/wp\/v2\/media?parent=415243"}],"wp:term":[{"taxonomy":"category","embeddable":true,"href":"http:\/\/desarrollo.grupomedios.com\/futbol\/wp-json\/wp\/v2\/categories?post=415243"},{"taxonomy":"post_tag","embeddable":true,"href":"http:\/\/desarrollo.grupomedios.com\/futbol\/wp-json\/wp\/v2\/tags?post=415243"}],"curies":[{"name":"wp","href":"https:\/\/api.w.org\/{rel}","templated":true}]}}