{"id":415252,"date":"2016-08-02T20:45:37","date_gmt":"2016-08-03T01:45:37","guid":{"rendered":"http:\/\/www.futboltotal.com.mx\/?p=415252"},"modified":"2016-08-02T20:45:37","modified_gmt":"2016-08-03T01:45:37","slug":"gabriel-mercado-jugador-del-sevilla","status":"publish","type":"post","link":"http:\/\/desarrollo.grupomedios.com\/futbol\/futbol-internacional\/gabriel-mercado-jugador-del-sevilla\/2016\/08","title":{"rendered":"Cambia la Liga MX por Sevilla"},"content":{"rendered":"<p>Despu\u00e9s de rechazar al Cruz Azul y Monterrey, el defensa internacional con la <em>Albiceleste<\/em> <strong>Gabriel Mercado<\/strong> dej\u00f3 a <strong>River Plate<\/strong> para fichar por el <strong>Sevilla<\/strong>, seg\u00fan inform\u00f3 el presidente del club argentino, Rodolfo D&#8217;Onofrio.<\/p>\n<p>En di\u00e1logo con <em>Radio Continental<\/em>, D&#8217;Onofrio dijo que si bien &#8220;todav\u00eda&#8221; no se ha firmado nada con el club espa\u00f1ol, el jugador quer\u00eda su &#8220;camino hacia Espa\u00f1a&#8221; y que River fuera &#8220;un poco m\u00e1s resarcido&#8221; en su salida.<\/p>\n<blockquote class=\"twitter-tweet\" data-lang=\"es\">\n<p dir=\"ltr\" lang=\"es\">\u00a1Preparados para las Supercopas! \u26bd <a href=\"https:\/\/twitter.com\/hashtag\/vamosmisevilla?src=hash\">#vamosmisevilla<\/a> <a href=\"https:\/\/t.co\/lRmCwaBxfz\">pic.twitter.com\/lRmCwaBxfz<\/a><\/p>\n<p>\u2014 Sevilla F\u00fatbol Club (@SevillaFC) <a href=\"https:\/\/twitter.com\/SevillaFC\/status\/760591945928417280\">2 de agosto de 2016<\/a><\/p><\/blockquote>\n<p><script src=\"\/\/platform.twitter.com\/widgets.js\" async=\"\" charset=\"utf-8\"><\/script><\/p>\n<p>En este sentido, a\u00f1adi\u00f3 que hay una actitud que valora mucho de <strong>Gabriel<\/strong> <strong>Mercado<\/strong>, ya que destac\u00f3 que hab\u00eda dicho al club &#8220;en su momento&#8221; que descartaba &#8220;ir a M\u00e9xico&#8221; porque all\u00ed quer\u00edan &#8220;aplicar una cl\u00e1usula&#8221; menos beneficiosa.<\/p>\n<p>El lateral derecho de 29 a\u00f1os lleg\u00f3 a <strong>River Plate<\/strong> en 2012 y gan\u00f3 seis t\u00edtulos: la Liga argentina, la Copa Campeonato y la Copa Sudamericana, en 2014; y la Recopa Sudamericana, la Copa Libertadores y la Copa Suruga Bank, en 2015.<\/p>\n","protected":false},"excerpt":{"rendered":"<p>Gabriel Mercado prefiri\u00f3 Espa\u00f1a que M\u00e9xico<\/p>\n","protected":false},"author":144,"featured_media":415253,"comment_status":"closed","ping_status":"closed","sticky":false,"template":"","format":"standard","meta":[],"categories":[3839,3844],"tags":[49],"_links":{"self":[{"href":"http:\/\/desarrollo.grupomedios.com\/futbol\/wp-json\/wp\/v2\/posts\/415252"}],"collection":[{"href":"http:\/\/desarrollo.grupomedios.com\/futbol\/wp-json\/wp\/v2\/posts"}],"about":[{"href":"http:\/\/desarrollo.grupomedios.com\/futbol\/wp-json\/wp\/v2\/types\/post"}],"author":[{"embeddable":true,"href":"http:\/\/desarrollo.grupomedios.com\/futbol\/wp-json\/wp\/v2\/users\/144"}],"replies":[{"embeddable":true,"href":"http:\/\/desarrollo.grupomedios.com\/futbol\/wp-json\/wp\/v2\/comments?post=415252"}],"version-history":[{"count":0,"href":"http:\/\/desarrollo.grupomedios.com\/futbol\/wp-json\/wp\/v2\/posts\/415252\/revisions"}],"wp:featuredmedia":[{"embeddable":true,"href":"http:\/\/desarrollo.grupomedios.com\/futbol\/wp-json\/wp\/v2\/media\/415253"}],"wp:attachment":[{"href":"http:\/\/desarrollo.grupomedios.com\/futbol\/wp-json\/wp\/v2\/media?parent=415252"}],"wp:term":[{"taxonomy":"category","embeddable":true,"href":"http:\/\/desarrollo.grupomedios.com\/futbol\/wp-json\/wp\/v2\/categories?post=415252"},{"taxonomy":"post_tag","embeddable":true,"href":"http:\/\/desarrollo.grupomedios.com\/futbol\/wp-json\/wp\/v2\/tags?post=415252"}],"curies":[{"name":"wp","href":"https:\/\/api.w.org\/{rel}","templated":true}]}}