{"id":415309,"date":"2016-08-04T07:30:35","date_gmt":"2016-08-04T12:30:35","guid":{"rendered":"http:\/\/www.futboltotal.com.mx\/?p=415309"},"modified":"2016-08-04T13:35:10","modified_gmt":"2016-08-04T18:35:10","slug":"refuerzos-a-seguir-en-rio-2016","status":"publish","type":"post","link":"http:\/\/desarrollo.grupomedios.com\/futbol\/futbol-mexicano\/seleccion-mexicana\/refuerzos-a-seguir-en-rio-2016\/2016\/08","title":{"rendered":"Los refuerzos a seguir en R\u00edo 2016"},"content":{"rendered":"<p>Desde 1992, el Comit\u00e9 Ol\u00edmpico Internacional y la FIFA decidieron instaurar cambios en el futbol ol\u00edmpico, pues a partir de la edici\u00f3n de Atlanta 1996, los pa\u00edses que participaran lo har\u00edan con una selecci\u00f3n juvenil y tres refuerzos mayores de 23 a\u00f1os.<\/p>\n<p>As\u00ed cada cuatro a\u00f1os, los pa\u00edses participantes compiten con sus 15 mejores jugadores j\u00f3venes m\u00e1s tres refuerzos con experiencia, que en muchas veces son los jugadores a seguir y se vuelven esenciales en la conquista de alguna de las preseas.\u00a0En la edici\u00f3n de <strong>R\u00edo 2016<\/strong>, no ser\u00e1 la excepci\u00f3n.<\/p>\n<p style=\"text-align: center;\"><span style=\"color: #3366ff;\">LEER M\u00c1S:\u00a0<a style=\"color: #3366ff;\" href=\"http:\/\/www.futboltotal.com.mx\/2016\/08\/los-debuts-la-seleccion-mexicana-en-los-juegos-olimpicos\/\">Los debuts del TRI en los Juegos Ol\u00edmpicos<\/a><\/span><\/p>\n<p><img decoding=\"async\" loading=\"lazy\" class=\"alignnone size-full wp-image-415311\" src=\"http:\/\/www.futboltotal.com.mx\/wp-content\/uploads\/2016\/08\/refuerzosenrio.jpg\" alt=\"refuerzosenrio\" srcset=\"http:\/\/desarrollo.grupomedios.com\/futbol\/wp-content\/uploads\/2016\/08\/refuerzosenrio.jpg 858w, http:\/\/desarrollo.grupomedios.com\/futbol\/wp-content\/uploads\/2016\/08\/refuerzosenrio-300x259.jpg 300w, http:\/\/desarrollo.grupomedios.com\/futbol\/wp-content\/uploads\/2016\/08\/refuerzosenrio-768x664.jpg 768w\" sizes=\"(max-width: 858px) 100vw, 858px\" \/><\/p>\n<p>En la edici\u00f3n de <strong>R\u00edo 2016<\/strong>, los refuerzos volver\u00e1n estar en la mira de todos y principalmente Neymar, astro del Barcelona y que buscar\u00e1 darle su primer oro ol\u00edmpico a Brasil. Pero no podemos dejar de lado a Oribe Peralta, quien ya hizo esa labor y buscar\u00e1 repetirla en esta nueva edici\u00f3n de los Juegos Ol\u00edmpicos.<\/p>\n<p><iframe loading=\"lazy\" src=\"https:\/\/www.youtube.com\/embed\/DQaqOLdZ8Kg?feature=oembed\" frameborder=\"0\" allowfullscreen><\/iframe><\/p>\n<p>Adem\u00e1s de estos dos, destacan jugadores de las mejores competencias del mundo, como lo son la Premier League, Bundesliga y la Liga de Espa\u00f1a, sin dejar de lado los jugadores de la Liga MX como Alfredo Talavera y Dorlan Pab\u00f3n.<\/p>\n<p style=\"text-align: center;\"><span style=\"color: #3366ff;\">LEER M\u00c1S:\u00a0<a style=\"color: #3366ff;\" href=\"http:\/\/www.futboltotal.com.mx\/2016\/08\/seleccion-futbol-brasil-los-power-rangers-los-juegos-olimpicos\/\">Neymar y Brasil, \u00a1los Power Rangers de R\u00edo!<\/a><\/span><\/p>\n<p>Otro de los refuerzos a seguir en <strong>R\u00edo 2016<\/strong> ser\u00e1 el argentino Ger\u00f3nimo Rulli, que a pesar de tener 24 a\u00f1os, su experiencia con la Real Sociedad en Espa\u00f1a le ha dado un lugar en la Selecci\u00f3n Argentina.<\/p>\n<p><iframe loading=\"lazy\" src=\"https:\/\/www.youtube.com\/embed\/snqg2kLEXJU?feature=oembed\" frameborder=\"0\" allowfullscreen><\/iframe><\/p>\n","protected":false},"excerpt":{"rendered":"<p>Estos jugadores buscar\u00e1n conseguir una presea para sus pa\u00edses<\/p>\n","protected":false},"author":20,"featured_media":415313,"comment_status":"closed","ping_status":"closed","sticky":false,"template":"","format":"standard","meta":[],"categories":[7186,7182,3847,5950],"tags":[6214,1911,5664],"_links":{"self":[{"href":"http:\/\/desarrollo.grupomedios.com\/futbol\/wp-json\/wp\/v2\/posts\/415309"}],"collection":[{"href":"http:\/\/desarrollo.grupomedios.com\/futbol\/wp-json\/wp\/v2\/posts"}],"about":[{"href":"http:\/\/desarrollo.grupomedios.com\/futbol\/wp-json\/wp\/v2\/types\/post"}],"author":[{"embeddable":true,"href":"http:\/\/desarrollo.grupomedios.com\/futbol\/wp-json\/wp\/v2\/users\/20"}],"replies":[{"embeddable":true,"href":"http:\/\/desarrollo.grupomedios.com\/futbol\/wp-json\/wp\/v2\/comments?post=415309"}],"version-history":[{"count":0,"href":"http:\/\/desarrollo.grupomedios.com\/futbol\/wp-json\/wp\/v2\/posts\/415309\/revisions"}],"wp:featuredmedia":[{"embeddable":true,"href":"http:\/\/desarrollo.grupomedios.com\/futbol\/wp-json\/wp\/v2\/media\/415313"}],"wp:attachment":[{"href":"http:\/\/desarrollo.grupomedios.com\/futbol\/wp-json\/wp\/v2\/media?parent=415309"}],"wp:term":[{"taxonomy":"category","embeddable":true,"href":"http:\/\/desarrollo.grupomedios.com\/futbol\/wp-json\/wp\/v2\/categories?post=415309"},{"taxonomy":"post_tag","embeddable":true,"href":"http:\/\/desarrollo.grupomedios.com\/futbol\/wp-json\/wp\/v2\/tags?post=415309"}],"curies":[{"name":"wp","href":"https:\/\/api.w.org\/{rel}","templated":true}]}}