{"id":415317,"date":"2016-08-03T10:27:41","date_gmt":"2016-08-03T15:27:41","guid":{"rendered":"http:\/\/www.futboltotal.com.mx\/?p=415317"},"modified":"2016-08-03T10:36:15","modified_gmt":"2016-08-03T15:36:15","slug":"cruz-azul-regresara-al-azteca","status":"publish","type":"post","link":"http:\/\/desarrollo.grupomedios.com\/futbol\/destacado-home\/cruz-azul-regresara-al-azteca\/2016\/08","title":{"rendered":"Cruz Azul regresar\u00e1 al Azteca en 2018"},"content":{"rendered":"<p>El rumor crece&#8230;\u00a0<strong>Cruz Azul regresar\u00eda al Estadio Azteca en 2018<\/strong>. <a href=\"http:\/\/www.futboltotal.com.mx\/2016\/07\/cruz-azul-regresaria-al-estadio-azteca\/\">Hace unos\u00a0d\u00edas se especul\u00f3\u00a0sobre el\u00a0regreso de la <em>M\u00e1quina<\/em> al Coloso de Santa \u00darsula para disputar sus partidos como local<\/a>;\u00a0sobre este tema, ahora se apunta\u00a0que el <strong>estadio Azul<\/strong> ser\u00e1 demolido en un par de a\u00f1os.<\/p>\n<p>De acuerdo con el diario <em>R\u00e9cord<\/em>, el <strong>estadio Azul<\/strong> \u201cdejar\u00e1 de existir para dar paso a un hotel y zona comercial\u201d. Ante ello, \u201c<strong>Cruz Azul<\/strong> se mudar\u00e1 al <strong>Azteca<\/strong>\u201d, agrega el diario deportivo.<\/p>\n<p style=\"text-align: center;\"><span style=\"color: #3366ff;\"><strong><a style=\"color: #3366ff;\" href=\"http:\/\/www.futboltotal.com.mx\/2016\/07\/nacho-trelles-100-anos-la-leyenda\/\">LEER M\u00c1S: Nacho Trelles, \u00a1100 a\u00f1os de la leyenda!<\/a><\/strong><\/span><\/p>\n<p>Desde 1996, el conjunto <em>cementero<\/em> juega en el inmueble de la colonia Noche Buena. Y desde que juega en ese escenario, s\u00f3lo ha conseguido un t\u00edtulo de liga, en el Invierno 97. Pero los verdaderos a\u00f1os de gloria de la <a href=\"http:\/\/www.futboltotal.com.mx\/equipos\/cruz-azul\/\"><em>M\u00e1quina<\/em> de\u00a0<strong>Cruz Azul<\/strong><\/a> se registraron en el <strong>Estadio Azteca<\/strong>, donde jug\u00f3 por 26 a\u00f1os y gan\u00f3 cinco\u00a0t\u00edtulos de Primera Divisi\u00f3n, cuatro de ellos como local.<\/p>\n<p>Actualmente, el <strong>Azteca<\/strong> alberga a las <em>\u00c1guilas<\/em> del Am\u00e9rica, pero alguna vez tambi\u00e9n fue casa del Atlante, del Necaxa y del propio <strong>Cruz Azul<\/strong>, adem\u00e1s de ser el escenario prioritario para los duelos oficiales de la Selecci\u00f3n Mexicana.<\/p>\n<blockquote class=\"twitter-tweet\" data-lang=\"es\">\n<p dir=\"ltr\" lang=\"es\">&#8220;Los cl\u00e1sicos se juegan con la cabeza fr\u00eda y los pies calientes&#8221;.- I. Trelles <a href=\"https:\/\/twitter.com\/hashtag\/100VecesTrelles?src=hash\">#100VecesTrelles<\/a> <a href=\"https:\/\/twitter.com\/hashtag\/AzulEsTodo?src=hash\">#AzulEsTodo<\/a> <a href=\"https:\/\/t.co\/zM9sfS0Z7C\">pic.twitter.com\/zM9sfS0Z7C<\/a><\/p>\n<p>\u2014 CRUZ AZUL FC \u00ae (@Cruz_Azul_FC) <a href=\"https:\/\/twitter.com\/Cruz_Azul_FC\/status\/759857076831195136\">31 de julio de 2016<\/a><\/p><\/blockquote>\n<p><script src=\"\/\/platform.twitter.com\/widgets.js\" async=\"\" charset=\"utf-8\"><\/script><\/p>\n","protected":false},"excerpt":{"rendered":"<p>Se presume que el estadio Azul ser\u00e1 demolido<\/p>\n","protected":false},"author":20,"featured_media":415319,"comment_status":"closed","ping_status":"closed","sticky":false,"template":"","format":"standard","meta":[],"categories":[5,2198,3845],"tags":[5962],"_links":{"self":[{"href":"http:\/\/desarrollo.grupomedios.com\/futbol\/wp-json\/wp\/v2\/posts\/415317"}],"collection":[{"href":"http:\/\/desarrollo.grupomedios.com\/futbol\/wp-json\/wp\/v2\/posts"}],"about":[{"href":"http:\/\/desarrollo.grupomedios.com\/futbol\/wp-json\/wp\/v2\/types\/post"}],"author":[{"embeddable":true,"href":"http:\/\/desarrollo.grupomedios.com\/futbol\/wp-json\/wp\/v2\/users\/20"}],"replies":[{"embeddable":true,"href":"http:\/\/desarrollo.grupomedios.com\/futbol\/wp-json\/wp\/v2\/comments?post=415317"}],"version-history":[{"count":0,"href":"http:\/\/desarrollo.grupomedios.com\/futbol\/wp-json\/wp\/v2\/posts\/415317\/revisions"}],"wp:featuredmedia":[{"embeddable":true,"href":"http:\/\/desarrollo.grupomedios.com\/futbol\/wp-json\/wp\/v2\/media\/415319"}],"wp:attachment":[{"href":"http:\/\/desarrollo.grupomedios.com\/futbol\/wp-json\/wp\/v2\/media?parent=415317"}],"wp:term":[{"taxonomy":"category","embeddable":true,"href":"http:\/\/desarrollo.grupomedios.com\/futbol\/wp-json\/wp\/v2\/categories?post=415317"},{"taxonomy":"post_tag","embeddable":true,"href":"http:\/\/desarrollo.grupomedios.com\/futbol\/wp-json\/wp\/v2\/tags?post=415317"}],"curies":[{"name":"wp","href":"https:\/\/api.w.org\/{rel}","templated":true}]}}