{"id":415367,"date":"2016-08-03T13:18:25","date_gmt":"2016-08-03T18:18:25","guid":{"rendered":"http:\/\/www.futboltotal.com.mx\/?p=415367"},"modified":"2016-08-03T15:28:51","modified_gmt":"2016-08-03T20:28:51","slug":"talavera-la-loza-mexico-buscar-oro","status":"publish","type":"post","link":"http:\/\/desarrollo.grupomedios.com\/futbol\/futbol-mexicano\/seleccion-mexicana\/talavera-la-loza-mexico-buscar-oro\/2016\/08","title":{"rendered":"Talavera, la loza de M\u00e9xico en busca del oro"},"content":{"rendered":"<p><strong>Talavera, Alfredo Talavera<\/strong>&#8230; Fiel a su apellido, as\u00ed aspira a comportarse entre los tres palos de la <a href=\"http:\/\/www.futboltotal.com.mx\/futbol-mexicano\/seleccion-mexicana\/\">Selecci\u00f3n Mexicana<\/a>\u00a0como una aut\u00e9ntica may\u00f3lica, aquella loza com\u00fan de acabado v\u00edtreo en color blanco marfil.<\/p>\n<p>Resistente, infranqueable, <strong>Talavera<\/strong>, el portero de los <em>Diablos Rojos<\/em> del Toluca,\u00a0busca en R\u00edo de Janeiro una revancha particular,\u00a0debido a que dos a\u00f1os atr\u00e1s, durante el Mundial de Brasil, hizo parte de la plantilla mexicana\u00a0pero no jug\u00f3 un solo minuto.<\/p>\n<p style=\"text-align: center;\"><span style=\"color: #3366ff;\"><strong><a style=\"color: #3366ff;\" href=\"http:\/\/www.futboltotal.com.mx\/2016\/07\/donde-estan-los-campeones-juegos-olimpicos-la-seleccion-mexicana\/\">LEER M\u00c1S: \u00bfD\u00f3nde est\u00e1n los campeones ol\u00edmpicos?<\/a><\/strong><\/span><\/p>\n<p>En 2016 el experimentado portero de la <a href=\"http:\/\/www.futboltotal.com.mx\/futbol-mexicano\/seleccion-mexicana\/\">Selecci\u00f3n Ol\u00edmpica Mexicana<\/a> tiene el desaf\u00edo de ayudar a su pa\u00eds a conquistar la medalla de oro por segunda edici\u00f3n consecutiva de los <strong>Juegos Ol\u00edmpicos<\/strong>.<\/p>\n<p>Si conquistar en Londres 2012 la medalla de oro fue m\u00e1s satisfactorio con una victoria sobre Brasil por 2-1 en Wembley, <strong>repetir la haza\u00f1a en el llamado &#8216;pa\u00eds del futbol&#8217;<\/strong>, y por qu\u00e9 no, sobre Neymar y compa\u00f1\u00eda,<strong> ser\u00eda un logro sin precedentes<\/strong>.<\/p>\n<p><a href=\"http:\/\/www.futboltotal.com.mx\/2016\/08\/talavera-la-loza-mexico-buscar-oro\/talavera-tri-olimpico-refuerzo-2\/\" rel=\"attachment wp-att-415373\"><img decoding=\"async\" loading=\"lazy\" class=\"aligncenter size-full wp-image-415373\" src=\"http:\/\/www.futboltotal.com.mx\/wp-content\/uploads\/2016\/08\/talavera-tri-olimpico-refuerzo-1.jpg\" alt=\"talavera-tri-olimpico-refuerzo\" srcset=\"http:\/\/desarrollo.grupomedios.com\/futbol\/wp-content\/uploads\/2016\/08\/talavera-tri-olimpico-refuerzo-1.jpg 858w, http:\/\/desarrollo.grupomedios.com\/futbol\/wp-content\/uploads\/2016\/08\/talavera-tri-olimpico-refuerzo-1-300x196.jpg 300w, http:\/\/desarrollo.grupomedios.com\/futbol\/wp-content\/uploads\/2016\/08\/talavera-tri-olimpico-refuerzo-1-768x501.jpg 768w\" sizes=\"(max-width: 858px) 100vw, 858px\" \/><\/a><\/p>\n<p>&#8220;Somos los campeones defensores y, para nosotros, eso es un camino a seguir, no una carga. So\u00f1amos con repetir ese trayecto&#8221;, manifest\u00f3 <strong>Alfredo Talavera<\/strong>.<\/p>\n<p>Sin presiones a la vista, el guardameta de 33 a\u00f1os prefiere pensar y transmitir a sus j\u00f3venes compa\u00f1eros dos ense\u00f1anzas de profesi\u00f3n: que el futbol es un juego y que hay que divertirse en la cancha.<\/p>\n<blockquote class=\"twitter-tweet\" data-lang=\"es\">\n<p dir=\"ltr\" lang=\"en\">London 2012:<a href=\"https:\/\/twitter.com\/hashtag\/Rio2016?src=hash\">#Rio2016<\/a>:\u2753<br \/>\nAlfredo Talavera says <a href=\"https:\/\/twitter.com\/hashtag\/MEX?src=hash\">#MEX<\/a> are aiming for another <a href=\"https:\/\/twitter.com\/hashtag\/Gold?src=hash\">#Gold<\/a> <a href=\"https:\/\/twitter.com\/hashtag\/Football?src=hash\">#Football<\/a><a href=\"https:\/\/t.co\/6nKpE6uNkk\">https:\/\/t.co\/6nKpE6uNkk<\/a> <a href=\"https:\/\/t.co\/xxUcIehR2T\">pic.twitter.com\/xxUcIehR2T<\/a><\/p>\n<p>\u2014 FIFA.com (@FIFAcom) <a href=\"https:\/\/twitter.com\/FIFAcom\/status\/760859496163844097\">3 de agosto de 2016<\/a><\/p><\/blockquote>\n<p><script src=\"\/\/platform.twitter.com\/widgets.js\" async=\"\" charset=\"utf-8\"><\/script><\/p>\n<p>&#8220;Tenemos que disfrutarlo como cuando \u00e9ramos ni\u00f1os, pero ahora con madurez. Y as\u00ed llegar\u00e1n las victorias&#8221;, manifest\u00f3 <strong>Talavera\u00a0<\/strong>a <em>FIFA.com<\/em>.\u00a0&#8220;Unos <strong>Juegos Ol\u00edmpicos<\/strong> no los vives todos los d\u00edas. <strong>Fui al Mundial de Brasil pero no tuve oportunidad de jugar<\/strong> y, ahora que me toca hacerlo, quiero disfrutarlo al m\u00e1ximo. Mi idea es divertirme, con responsabilidad por supuesto, pero divertirme&#8221;, puntualiz\u00f3.<\/p>\n<p>Alemania ser\u00e1 este jueves el primer escollo del <em>Tri<\/em> <strong>Ol\u00edmpico<\/strong>, que est\u00e1 tranquilo porque su porter\u00eda est\u00e1 blindada con una loza aut\u00e9ntica, como la que fabricaban antiguamente \u00e1rabes y espa\u00f1oles.<\/p>\n<p>[video_player]https:\/\/player.vimeo.com\/external\/177463850.sd.mp4?s=5e3b3e30ac77c17a43268cca5998c125ab51fdb2&amp;profile_id=165[\/video_player]<\/p>\n<p><em>Con informaci\u00f3n de EFE<\/em><\/p>\n","protected":false},"excerpt":{"rendered":"<p>Resistente, infranqueable, Talavera, el portero del TRI Ol\u00edmpico<\/p>\n","protected":false},"author":144,"featured_media":415374,"comment_status":"closed","ping_status":"closed","sticky":false,"template":"","format":"standard","meta":[],"categories":[7269,7186,7182,3847],"tags":[1911,5979],"_links":{"self":[{"href":"http:\/\/desarrollo.grupomedios.com\/futbol\/wp-json\/wp\/v2\/posts\/415367"}],"collection":[{"href":"http:\/\/desarrollo.grupomedios.com\/futbol\/wp-json\/wp\/v2\/posts"}],"about":[{"href":"http:\/\/desarrollo.grupomedios.com\/futbol\/wp-json\/wp\/v2\/types\/post"}],"author":[{"embeddable":true,"href":"http:\/\/desarrollo.grupomedios.com\/futbol\/wp-json\/wp\/v2\/users\/144"}],"replies":[{"embeddable":true,"href":"http:\/\/desarrollo.grupomedios.com\/futbol\/wp-json\/wp\/v2\/comments?post=415367"}],"version-history":[{"count":0,"href":"http:\/\/desarrollo.grupomedios.com\/futbol\/wp-json\/wp\/v2\/posts\/415367\/revisions"}],"wp:featuredmedia":[{"embeddable":true,"href":"http:\/\/desarrollo.grupomedios.com\/futbol\/wp-json\/wp\/v2\/media\/415374"}],"wp:attachment":[{"href":"http:\/\/desarrollo.grupomedios.com\/futbol\/wp-json\/wp\/v2\/media?parent=415367"}],"wp:term":[{"taxonomy":"category","embeddable":true,"href":"http:\/\/desarrollo.grupomedios.com\/futbol\/wp-json\/wp\/v2\/categories?post=415367"},{"taxonomy":"post_tag","embeddable":true,"href":"http:\/\/desarrollo.grupomedios.com\/futbol\/wp-json\/wp\/v2\/tags?post=415367"}],"curies":[{"name":"wp","href":"https:\/\/api.w.org\/{rel}","templated":true}]}}