{"id":415385,"date":"2016-08-03T14:07:54","date_gmt":"2016-08-03T19:07:54","guid":{"rendered":"http:\/\/www.futboltotal.com.mx\/?p=415385"},"modified":"2016-08-03T14:07:54","modified_gmt":"2016-08-03T19:07:54","slug":"oribe-peralta-revela-quienes-sus-idolos","status":"publish","type":"post","link":"http:\/\/desarrollo.grupomedios.com\/futbol\/videos\/oribe-peralta-revela-quienes-sus-idolos\/2016\/08","title":{"rendered":"Oribe Peralta revela qui\u00e9nes son sus \u00eddolos"},"content":{"rendered":"<p>Desde que jug\u00f3 en Santos Laguna, <strong>Oribe Peralta<\/strong> se convirti\u00f3 en uno de los mejores delanteros de la Liga MX, por ello su convocatoria a la <a href=\"http:\/\/www.futboltotal.com.mx\/futbol-mexicano\/seleccion-mexicana\/\" target=\"_blank\"><strong>Selecci\u00f3n Mexicana<\/strong><\/a> es habitual, aunque ahora se convirti\u00f3 en uno de los tres refuerzos del Tri Sub-23 que participar\u00e1 en el Juegos Ol\u00edmpicos. Al ser un jugador carism\u00e1tico, la afici\u00f3n quiere conocer mejor al <em>Cepillo<\/em>, anhelo que permiti\u00f3 el ariete.<\/p>\n<blockquote class=\"twitter-tweet\" data-lang=\"es\">\n<p dir=\"ltr\" lang=\"es\"><a href=\"https:\/\/twitter.com\/hashtag\/Ol%C3%ADmpica?src=hash\">#Ol\u00edmpica<\/a> \u00bfSabes qu\u00e9 tienen que ver <a href=\"https:\/\/twitter.com\/Ronaldo\">@Ronaldo<\/a>, <a href=\"https:\/\/twitter.com\/Jumpman23\">@Jumpman23<\/a> y <a href=\"https:\/\/twitter.com\/OribePeralta\">@OribePeralta<\/a>?<\/p>\n<p>\u00a1Desc\u00fabrelo aqu\u00ed! <a href=\"https:\/\/twitter.com\/hashtag\/SomosM%C3%A9xico?src=hash\">#SomosM\u00e9xico<\/a> <a href=\"https:\/\/t.co\/9ApPZ41DqU\">pic.twitter.com\/9ApPZ41DqU<\/a><\/p>\n<p>\u2014 Selecci\u00f3n Nacional (@miseleccionmx) <a href=\"https:\/\/twitter.com\/miseleccionmx\/status\/760869811769401344\">3 de agosto de 2016<\/a><\/p><\/blockquote>\n<p><script src=\"\/\/platform.twitter.com\/widgets.js\" async=\"\" charset=\"utf-8\"><\/script><\/p>\n","protected":false},"excerpt":{"rendered":"<p>El delantero dej\u00f3 ver su lado m\u00e1s personal <\/p>\n","protected":false},"author":20,"featured_media":415386,"comment_status":"closed","ping_status":"closed","sticky":false,"template":"","format":"standard","meta":[],"categories":[2198,7186,7182,3847,4],"tags":[62,5979],"_links":{"self":[{"href":"http:\/\/desarrollo.grupomedios.com\/futbol\/wp-json\/wp\/v2\/posts\/415385"}],"collection":[{"href":"http:\/\/desarrollo.grupomedios.com\/futbol\/wp-json\/wp\/v2\/posts"}],"about":[{"href":"http:\/\/desarrollo.grupomedios.com\/futbol\/wp-json\/wp\/v2\/types\/post"}],"author":[{"embeddable":true,"href":"http:\/\/desarrollo.grupomedios.com\/futbol\/wp-json\/wp\/v2\/users\/20"}],"replies":[{"embeddable":true,"href":"http:\/\/desarrollo.grupomedios.com\/futbol\/wp-json\/wp\/v2\/comments?post=415385"}],"version-history":[{"count":0,"href":"http:\/\/desarrollo.grupomedios.com\/futbol\/wp-json\/wp\/v2\/posts\/415385\/revisions"}],"wp:featuredmedia":[{"embeddable":true,"href":"http:\/\/desarrollo.grupomedios.com\/futbol\/wp-json\/wp\/v2\/media\/415386"}],"wp:attachment":[{"href":"http:\/\/desarrollo.grupomedios.com\/futbol\/wp-json\/wp\/v2\/media?parent=415385"}],"wp:term":[{"taxonomy":"category","embeddable":true,"href":"http:\/\/desarrollo.grupomedios.com\/futbol\/wp-json\/wp\/v2\/categories?post=415385"},{"taxonomy":"post_tag","embeddable":true,"href":"http:\/\/desarrollo.grupomedios.com\/futbol\/wp-json\/wp\/v2\/tags?post=415385"}],"curies":[{"name":"wp","href":"https:\/\/api.w.org\/{rel}","templated":true}]}}