{"id":415400,"date":"2016-08-03T14:31:52","date_gmt":"2016-08-03T19:31:52","guid":{"rendered":"http:\/\/www.futboltotal.com.mx\/?p=415400"},"modified":"2016-08-03T15:52:58","modified_gmt":"2016-08-03T20:52:58","slug":"chivas-tv-prohibe-a-usuarios-quejarse-ante-profeco","status":"publish","type":"post","link":"http:\/\/desarrollo.grupomedios.com\/futbol\/destacado-home\/chivas-tv-prohibe-a-usuarios-quejarse-ante-profeco\/2016\/08","title":{"rendered":"Chivas TV proh\u00edbe a usuarios quejarse ante Profeco"},"content":{"rendered":"<p>Luego de las fallas que derivaron en reclamos ante la Procuradur\u00eda Federal del Consumidor (<strong>Profeco<\/strong>) y los cuales obligaron a la instituci\u00f3n a investigar el caso, <strong>Chivas TV<\/strong> cambi\u00f3 sus t\u00e9rminos y condiciones para sus suscriptores, en el que destaca que les proh\u00edben mostrar su inconformidad frente a\u00a0dicho organismo.<\/p>\n<p>&#8220;Estos T\u00e9rminos de uso establecen que todas las controversias entre usted y <strong>Chivas TV<\/strong> se resolver\u00e1n mediante arbitraje vinculante. Usted acuerda renunciar a su derecho a recurrir a un tribunal para ejercer o defender sus derechos en virtud del presente contrato (a excepci\u00f3n de las cuestiones que se puedan someter a un tribunal de menor cuant\u00eda). Sus derechos ser\u00e1n determinados por un \u00e1rbitro imparcial y no por un juez o jurado, y no podr\u00e1 presentar sus reclamos a trav\u00e9s de una acci\u00f3n colectiva&#8221;, indica el documento.<\/p>\n<blockquote class=\"twitter-tweet\" data-lang=\"es\">\n<p dir=\"ltr\" lang=\"es\">Hace 5 a\u00f1os <a href=\"https:\/\/twitter.com\/jairpereira16\">@jairpereira16<\/a> debut\u00f3 en Primera. \u00a1Felicidades &#8216;Comandante&#8217;! Conoce su historia<a href=\"https:\/\/t.co\/FdUi0poCPe\">https:\/\/t.co\/FdUi0poCPe<\/a> <a href=\"https:\/\/t.co\/QUvjDHRKDa\">pic.twitter.com\/QUvjDHRKDa<\/a><\/p>\n<p>\u2014 CHIVAS (@Chivas) <a href=\"https:\/\/twitter.com\/Chivas\/status\/760888726297845760\">3 de agosto de 2016<\/a><\/p><\/blockquote>\n<p><script src=\"\/\/platform.twitter.com\/widgets.js\" async=\"\" charset=\"utf-8\"><\/script><\/p>\n<p>Cabe subrayar que con este art\u00edculo, el club le quita el derecho a sus usuarios de poder externar su inconformidad en caso de alguna falla.<\/p>\n<p>En sus primeras emisiones, la plataforma tuvo deficiencias, pero Guadalajara prometi\u00f3 que trabajar\u00e1 para mejorar la se\u00f1al y que los espectadores disfruten los partidos en su totalidad.<\/p>\n<p><span style=\"color: #ff0000;\"><strong>VIDEO<\/strong>: Agenda de TV de la jornada 4<\/span><br \/>\n[video_player]https:\/\/player.vimeo.com\/external\/176225837.hd.mp4?s=eabca78ce3ac408b3ee62d41ddd3413cb2398af1&amp;profile_id=174[\/video_player]<\/p>\n","protected":false},"excerpt":{"rendered":"<p>La plataforma cambi\u00f3 sus t\u00e9rminos y condiciones<\/p>\n","protected":false},"author":20,"featured_media":415402,"comment_status":"closed","ping_status":"closed","sticky":false,"template":"","format":"standard","meta":[],"categories":[5,2198,3845],"tags":[70],"_links":{"self":[{"href":"http:\/\/desarrollo.grupomedios.com\/futbol\/wp-json\/wp\/v2\/posts\/415400"}],"collection":[{"href":"http:\/\/desarrollo.grupomedios.com\/futbol\/wp-json\/wp\/v2\/posts"}],"about":[{"href":"http:\/\/desarrollo.grupomedios.com\/futbol\/wp-json\/wp\/v2\/types\/post"}],"author":[{"embeddable":true,"href":"http:\/\/desarrollo.grupomedios.com\/futbol\/wp-json\/wp\/v2\/users\/20"}],"replies":[{"embeddable":true,"href":"http:\/\/desarrollo.grupomedios.com\/futbol\/wp-json\/wp\/v2\/comments?post=415400"}],"version-history":[{"count":0,"href":"http:\/\/desarrollo.grupomedios.com\/futbol\/wp-json\/wp\/v2\/posts\/415400\/revisions"}],"wp:featuredmedia":[{"embeddable":true,"href":"http:\/\/desarrollo.grupomedios.com\/futbol\/wp-json\/wp\/v2\/media\/415402"}],"wp:attachment":[{"href":"http:\/\/desarrollo.grupomedios.com\/futbol\/wp-json\/wp\/v2\/media?parent=415400"}],"wp:term":[{"taxonomy":"category","embeddable":true,"href":"http:\/\/desarrollo.grupomedios.com\/futbol\/wp-json\/wp\/v2\/categories?post=415400"},{"taxonomy":"post_tag","embeddable":true,"href":"http:\/\/desarrollo.grupomedios.com\/futbol\/wp-json\/wp\/v2\/tags?post=415400"}],"curies":[{"name":"wp","href":"https:\/\/api.w.org\/{rel}","templated":true}]}}