{"id":415430,"date":"2016-08-03T15:51:14","date_gmt":"2016-08-03T20:51:14","guid":{"rendered":"http:\/\/www.futboltotal.com.mx\/?p=415430"},"modified":"2016-08-03T15:51:14","modified_gmt":"2016-08-03T20:51:14","slug":"400-horas-olimpicas-en-canal-22","status":"publish","type":"post","link":"http:\/\/desarrollo.grupomedios.com\/futbol\/juegos-olimpicos-2016\/400-horas-olimpicas-en-canal-22\/2016\/08","title":{"rendered":"M\u00e1s de 400 horas ol\u00edmpicas en Canal 22"},"content":{"rendered":"<p><strong>Canal 22<\/strong>, televisora oficial de <strong>R\u00edo 2016<\/strong>, ofrecer\u00e1 m\u00e1s de 400 horas de transmisi\u00f3n en\u00a0vivo de los <a href=\"http:\/\/www.futboltotal.com.mx\/juegos-olimpicos-2016\/\" target=\"_blank\"><strong>Juegos Ol\u00edmpicos<\/strong><\/a> a trav\u00e9s de las se\u00f1ales 22.1 y 22.2, entre el 5 y el 21 de\u00a0agosto.<\/p>\n<p>Durante estos 17 d\u00edas, la programaci\u00f3n del canal estar\u00e1 integrada por las\u00a0competencias en vivo, adem\u00e1s de series documentales, cine y programas especiales\u00a0para descubrir Brasil, el pa\u00eds sede.<\/p>\n<blockquote class=\"twitter-tweet\" data-lang=\"es\">\n<p dir=\"ltr\" lang=\"es\"><a href=\"https:\/\/twitter.com\/hashtag\/AhoraEnEl22?src=hash\">#AhoraEnEl22<\/a> \u201cR\u00edo suena al mediod\u00eda\u201d, resumen de la 1\u00aa jornada de los Juegos Ol\u00edmpicos Rio 2016 <a href=\"https:\/\/twitter.com\/hashtag\/R%C3%ADoEnEl22?src=hash\">#R\u00edoEnEl22<\/a> <a href=\"https:\/\/t.co\/A3METPrOWp\">pic.twitter.com\/A3METPrOWp<\/a><\/p>\n<p>\u2014 Canal 22 M\u00e9xico (@Canal22) <a href=\"https:\/\/twitter.com\/Canal22\/status\/760939574256242689\">3 de agosto de 2016<\/a><\/p><\/blockquote>\n<p><script src=\"\/\/platform.twitter.com\/widgets.js\" async=\"\" charset=\"utf-8\"><\/script><br \/>\nLa televisora tendr\u00e1 tambi\u00e9n producciones propias como Ludens \u00a1Hola, R\u00edo!, R\u00edo\u00a0suena con Javier Sol\u00f3rzano e Historias desconocidas. En estas emisiones se ver\u00e1n\u00a0reportajes, entrevistas, c\u00e1psulas, an\u00e1lisis de expertos, \u00e1ngulos culturales y m\u00e1s.<\/p>\n<p><strong>Canal 22<\/strong> ofrecer\u00e1 tambi\u00e9n un minisitio web con informaci\u00f3n de las competencias,\u00a0historia, tradiciones y estilo de vida de Brasil. Y en redes sociales publicar\u00e1 lo m\u00e1s\u00a0destacado de cada competencia en tiempo real.<\/p>\n","protected":false},"excerpt":{"rendered":"<p>La cadena lanzar\u00e1 un minisitio especial sobre R\u00edo 2016<\/p>\n","protected":false},"author":126,"featured_media":415434,"comment_status":"closed","ping_status":"closed","sticky":false,"template":"","format":"standard","meta":[],"categories":[7182,7188],"tags":[1911,5664],"_links":{"self":[{"href":"http:\/\/desarrollo.grupomedios.com\/futbol\/wp-json\/wp\/v2\/posts\/415430"}],"collection":[{"href":"http:\/\/desarrollo.grupomedios.com\/futbol\/wp-json\/wp\/v2\/posts"}],"about":[{"href":"http:\/\/desarrollo.grupomedios.com\/futbol\/wp-json\/wp\/v2\/types\/post"}],"author":[{"embeddable":true,"href":"http:\/\/desarrollo.grupomedios.com\/futbol\/wp-json\/wp\/v2\/users\/126"}],"replies":[{"embeddable":true,"href":"http:\/\/desarrollo.grupomedios.com\/futbol\/wp-json\/wp\/v2\/comments?post=415430"}],"version-history":[{"count":0,"href":"http:\/\/desarrollo.grupomedios.com\/futbol\/wp-json\/wp\/v2\/posts\/415430\/revisions"}],"wp:featuredmedia":[{"embeddable":true,"href":"http:\/\/desarrollo.grupomedios.com\/futbol\/wp-json\/wp\/v2\/media\/415434"}],"wp:attachment":[{"href":"http:\/\/desarrollo.grupomedios.com\/futbol\/wp-json\/wp\/v2\/media?parent=415430"}],"wp:term":[{"taxonomy":"category","embeddable":true,"href":"http:\/\/desarrollo.grupomedios.com\/futbol\/wp-json\/wp\/v2\/categories?post=415430"},{"taxonomy":"post_tag","embeddable":true,"href":"http:\/\/desarrollo.grupomedios.com\/futbol\/wp-json\/wp\/v2\/tags?post=415430"}],"curies":[{"name":"wp","href":"https:\/\/api.w.org\/{rel}","templated":true}]}}