{"id":415445,"date":"2016-08-03T17:40:55","date_gmt":"2016-08-03T22:40:55","guid":{"rendered":"http:\/\/www.futboltotal.com.mx\/?p=415445"},"modified":"2016-08-03T17:41:18","modified_gmt":"2016-08-03T22:41:18","slug":"policia-brasil-anuncia-huelga-en-visperas-los-juegos-olimpicos","status":"publish","type":"post","link":"http:\/\/desarrollo.grupomedios.com\/futbol\/juegos-olimpicos-2016\/policia-brasil-anuncia-huelga-en-visperas-los-juegos-olimpicos\/2016\/08","title":{"rendered":"Polic\u00eda de Brasil anuncia huelga en Juegos Ol\u00edmpicos"},"content":{"rendered":"<p>La <strong>Polic\u00eda Civil de Brasilia<\/strong>, que debe aportar un n\u00famero no precisado de agentes para la seguridad de los partidos de f\u00fatbol del torneo <strong>ol\u00edmpico<\/strong> que se disputar\u00e1n en la ciudad, convoc\u00f3 este mi\u00e9rcoles a una huelga de 48 horas a partir de este jueves.<\/p>\n<p>La decisi\u00f3n responde a cuestiones salariales y fue anunciada en v\u00edsperas de los primeros dos partidos del torneo masculino de f\u00fatbol de los <strong>Juegos Ol\u00edmpicos<\/strong> de R\u00edo de Janeiro que se disputar\u00e1n en la capital brasile\u00f1a.<\/p>\n<p style=\"text-align: center;\"><span style=\"color: #3366ff;\">LEER M\u00c1S:\u00a0<a style=\"color: #3366ff;\" href=\"http:\/\/www.futboltotal.com.mx\/2016\/08\/la-antorcha-olimpica-llego-a-rio\/\">La antorcha ol\u00edmpica lleg\u00f3 a R\u00edo<\/a><\/span><\/p>\n<p>Este jueves, en el estreno del f\u00fatbol ol\u00edmpico en el estadio Man\u00e9 Garrincha de Brasilia, Dinamarca se enfrentar\u00e1 Irak y a segunda hora la selecci\u00f3n brasile\u00f1a jugar\u00e1 ante Sudr\u00e1frica.<\/p>\n<p>Las autoridades han anunciado que los d\u00edas que se dispute alg\u00fan partido del torneo ol\u00edmpico en Brasilia la seguridad en la ciudad ser\u00e1 reforzada por un total de 8.500 miembros de las Fuerzas Armadas y los organismos policiales locales.<\/p>\n<p style=\"text-align: center;\"><span style=\"color: #3366ff;\">LEER M\u00c1S:\u00a0<a style=\"color: #3366ff;\" href=\"http:\/\/www.futboltotal.com.mx\/2016\/08\/estados-unidos-dominara-medallero\/\">Estados Unidos dominar\u00e1 medallero<\/a><\/span><\/p>\n<p>Sin embargo, alegando cuestiones de seguridad, no han precisado cu\u00e1ntos agentes aportar\u00e1 cada uno de los organismos que participar\u00e1n en esas operaciones.<\/p>\n<p>Los agentes de la <strong>Polic\u00eda Civil<\/strong> presionan por aumentos salariales acordados con el Gobierno del Distrito Federal de Brasilia que a\u00fan no se han hecho efectivos y tambi\u00e9n por mejoras en las condiciones de trabajo. EFE<\/p>\n","protected":false},"excerpt":{"rendered":"<p>La polic\u00eda se manifest\u00f3 horas antes de que comenzar\u00e1 el certamen<\/p>\n","protected":false},"author":20,"featured_media":415447,"comment_status":"closed","ping_status":"closed","sticky":false,"template":"","format":"standard","meta":[],"categories":[7182,7188],"tags":[1911,5664],"_links":{"self":[{"href":"http:\/\/desarrollo.grupomedios.com\/futbol\/wp-json\/wp\/v2\/posts\/415445"}],"collection":[{"href":"http:\/\/desarrollo.grupomedios.com\/futbol\/wp-json\/wp\/v2\/posts"}],"about":[{"href":"http:\/\/desarrollo.grupomedios.com\/futbol\/wp-json\/wp\/v2\/types\/post"}],"author":[{"embeddable":true,"href":"http:\/\/desarrollo.grupomedios.com\/futbol\/wp-json\/wp\/v2\/users\/20"}],"replies":[{"embeddable":true,"href":"http:\/\/desarrollo.grupomedios.com\/futbol\/wp-json\/wp\/v2\/comments?post=415445"}],"version-history":[{"count":0,"href":"http:\/\/desarrollo.grupomedios.com\/futbol\/wp-json\/wp\/v2\/posts\/415445\/revisions"}],"wp:featuredmedia":[{"embeddable":true,"href":"http:\/\/desarrollo.grupomedios.com\/futbol\/wp-json\/wp\/v2\/media\/415447"}],"wp:attachment":[{"href":"http:\/\/desarrollo.grupomedios.com\/futbol\/wp-json\/wp\/v2\/media?parent=415445"}],"wp:term":[{"taxonomy":"category","embeddable":true,"href":"http:\/\/desarrollo.grupomedios.com\/futbol\/wp-json\/wp\/v2\/categories?post=415445"},{"taxonomy":"post_tag","embeddable":true,"href":"http:\/\/desarrollo.grupomedios.com\/futbol\/wp-json\/wp\/v2\/tags?post=415445"}],"curies":[{"name":"wp","href":"https:\/\/api.w.org\/{rel}","templated":true}]}}