{"id":415468,"date":"2016-08-03T18:43:06","date_gmt":"2016-08-03T23:43:06","guid":{"rendered":"http:\/\/www.futboltotal.com.mx\/?p=415468"},"modified":"2016-08-03T18:43:06","modified_gmt":"2016-08-03T23:43:06","slug":"olympiacos-pulido-jugaran-la-champions","status":"publish","type":"post","link":"http:\/\/desarrollo.grupomedios.com\/futbol\/futbol-internacional\/olympiacos-pulido-jugaran-la-champions\/2016\/08","title":{"rendered":"Olympiacos y Pulido no jugar\u00e1n la Champions"},"content":{"rendered":"<p>El campe\u00f3n griego <strong>Olympiacos<\/strong> y el mexicano <strong>Alan Pulido<\/strong> dejaron escapar la oportunidad de disputar la <strong>Champions League 2016-17<\/strong>. Este mi\u00e9rcoles sufrieron una dolorosa derrota 1-0 ante el Hapoel Be&#8217;er Sheva israel\u00ed y han quedado eliminados en la tercera ronda previa de clasificaci\u00f3n.<\/p>\n<p><strong>Alan Pulido<\/strong> pudo hacer muy poco para evitar la ca\u00edda del <strong>Olympiakos<\/strong>, toda vez que en el primer encuentro no fue considerado y en el duelo de vuelta ingres\u00f3 a falta de nueve minutos para que concluyera el tiempo reglamentario. El delantero <em>azteca<\/em>\u00a0apenas tuvo un remate al marco pero no pudo marcar el tanto de la igualada que pudiese mandar el encuentro a pr\u00f3rroga.<\/p>\n<p>La noche fue del <strong>Hapoel Be&#8217;er Sheva<\/strong>, cuya afici\u00f3n abarrot\u00f3 el estadio Turner y dio el campanazo con un golazo del defensa Shir\u00a0Tzedek al minuto 79.<\/p>\n<p style=\"text-align: center;\"><span style=\"color: #3366ff;\"><strong><a style=\"color: #3366ff;\" href=\"http:\/\/www.futboltotal.com.mx\/futbol-internacional\/mexicanos-en-europa\/\">LEER M\u00c1S: Todas las noticias de mexicano en Europa<\/a><\/strong><\/span><\/p>\n<p><iframe loading=\"lazy\" src=\"https:\/\/www.youtube.com\/embed\/p9t9H4W6Tv8\" frameborder=\"0\" allowfullscreen=\"allowfullscreen\"><\/iframe><\/p>\n<p>Despu\u00e9s de la eliminaci\u00f3n, el <strong>Olympiacos <\/strong>y<strong> Pulido<\/strong> han quedado relegado a disputar las eliminatorias para la UEFA Europa League en la cuarta ronda de los <em>play-offs. <\/em>El\u00a0duelo de Ida ser\u00e1 el 18 de agosto, mientras el desenlace tendr\u00e1 lugar el 25 de agosto pr\u00f3ximo.<\/p>\n","protected":false},"excerpt":{"rendered":"<p>El campe\u00f3n de Israel dio el campanazo y los releg\u00f3 a jugar la UEL<\/p>\n","protected":false},"author":20,"featured_media":415470,"comment_status":"closed","ping_status":"closed","sticky":false,"template":"","format":"standard","meta":[],"categories":[3839,6718,5951],"tags":[1607,6091],"_links":{"self":[{"href":"http:\/\/desarrollo.grupomedios.com\/futbol\/wp-json\/wp\/v2\/posts\/415468"}],"collection":[{"href":"http:\/\/desarrollo.grupomedios.com\/futbol\/wp-json\/wp\/v2\/posts"}],"about":[{"href":"http:\/\/desarrollo.grupomedios.com\/futbol\/wp-json\/wp\/v2\/types\/post"}],"author":[{"embeddable":true,"href":"http:\/\/desarrollo.grupomedios.com\/futbol\/wp-json\/wp\/v2\/users\/20"}],"replies":[{"embeddable":true,"href":"http:\/\/desarrollo.grupomedios.com\/futbol\/wp-json\/wp\/v2\/comments?post=415468"}],"version-history":[{"count":0,"href":"http:\/\/desarrollo.grupomedios.com\/futbol\/wp-json\/wp\/v2\/posts\/415468\/revisions"}],"wp:featuredmedia":[{"embeddable":true,"href":"http:\/\/desarrollo.grupomedios.com\/futbol\/wp-json\/wp\/v2\/media\/415470"}],"wp:attachment":[{"href":"http:\/\/desarrollo.grupomedios.com\/futbol\/wp-json\/wp\/v2\/media?parent=415468"}],"wp:term":[{"taxonomy":"category","embeddable":true,"href":"http:\/\/desarrollo.grupomedios.com\/futbol\/wp-json\/wp\/v2\/categories?post=415468"},{"taxonomy":"post_tag","embeddable":true,"href":"http:\/\/desarrollo.grupomedios.com\/futbol\/wp-json\/wp\/v2\/tags?post=415468"}],"curies":[{"name":"wp","href":"https:\/\/api.w.org\/{rel}","templated":true}]}}