{"id":415472,"date":"2016-08-03T18:57:29","date_gmt":"2016-08-03T23:57:29","guid":{"rendered":"http:\/\/www.futboltotal.com.mx\/?p=415472"},"modified":"2016-08-03T18:57:29","modified_gmt":"2016-08-03T23:57:29","slug":"parma-aragon-arma-secreta-del-tri-olimpico","status":"publish","type":"post","link":"http:\/\/desarrollo.grupomedios.com\/futbol\/futbol-mexicano\/parma-aragon-arma-secreta-del-tri-olimpico\/2016\/08","title":{"rendered":"Parma Arag\u00f3n, el arma secreta del Tri Ol\u00edmpico"},"content":{"rendered":"<p>Aunque son profesionales, los miembros del <strong>Tri Ol\u00edmpico<\/strong> cargan una presi\u00f3n tal que puede exceder la mentalidad de un joven de 23 a\u00f1os, por ello es fundamental para el equipo mantener en orden las emociones de cara a R\u00edo 2016, en este rubro, <strong>Ra\u00fal Guti\u00e9rrez<\/strong> tiene un as bajo la manga, pues consigui\u00f3 llevarse a Brasil a su arma secreta: <strong>Parma Arag\u00f3n<\/strong>.<\/p>\n<p>La psic\u00f3loga cuenta con una larga trayectoria en el futbol mexicano, pero uno de sus trabajos m\u00e1s reconocidos es el que realiz\u00f3 con el combinado nacional que se adjudicara la medalla de oro en Londres 2012.<\/p>\n<blockquote class=\"twitter-tweet\" data-lang=\"es\">\n<p dir=\"ltr\" lang=\"es\">Llegando!!! <a href=\"https:\/\/twitter.com\/hashtag\/SomosMexico?src=hash\">#SomosMexico<\/a> <a href=\"https:\/\/t.co\/AdsHsDgBXz\">pic.twitter.com\/AdsHsDgBXz<\/a><\/p>\n<p>\u2014 Parma Arag\u00f3n (@parmaragon) <a href=\"https:\/\/twitter.com\/parmaragon\/status\/758818205573844993\">29 de julio de 2016<\/a><\/p><\/blockquote>\n<p><script src=\"\/\/platform.twitter.com\/widgets.js\" async=\"\" charset=\"utf-8\"><\/script><\/p>\n<p>Pese a que inicialmente no estaba contemplada para realizar el viaje con el <strong>Tri Ol\u00edmpico<\/strong>, el mismo <strong><em>Potro<\/em> Guti\u00e9rrez<\/strong> exigi\u00f3 que se uniera al grupo con el objetivo de regular las emociones de los futbolistas.<\/p>\n<p>&#8220;Es una maestra excelente. Me ha ayudado mucho, es una gran amiga y, sobre todo, una extraordinaria persona.\u00a0Podemos platicar cosas que, de repente, no tenemos el tiempo o la apertura con la familia. Poder platicar con ella es una buena forma de desahogarnos. M\u00e1s que nada es un apoyo para nosotros&#8221;, confes\u00f3 Jorge Enr\u00edquez en 2012.<\/p>\n<p>De esta forma, <strong>Parma Arag\u00f3n<\/strong> volver\u00e1 a ser el arma secreta de la<strong> Selecci\u00f3n Mexicana<\/strong> que intentar\u00e1 repetir la haza\u00f1a de la medalla de oro, pero ahora en Brasil.<\/p>\n","protected":false},"excerpt":{"rendered":"<p>La psic\u00f3loga fue clave en Londres 2012<\/p>\n","protected":false},"author":20,"featured_media":415478,"comment_status":"closed","ping_status":"closed","sticky":false,"template":"","format":"standard","meta":[],"categories":[2198,7186,7182,3847],"tags":[5979,2377],"_links":{"self":[{"href":"http:\/\/desarrollo.grupomedios.com\/futbol\/wp-json\/wp\/v2\/posts\/415472"}],"collection":[{"href":"http:\/\/desarrollo.grupomedios.com\/futbol\/wp-json\/wp\/v2\/posts"}],"about":[{"href":"http:\/\/desarrollo.grupomedios.com\/futbol\/wp-json\/wp\/v2\/types\/post"}],"author":[{"embeddable":true,"href":"http:\/\/desarrollo.grupomedios.com\/futbol\/wp-json\/wp\/v2\/users\/20"}],"replies":[{"embeddable":true,"href":"http:\/\/desarrollo.grupomedios.com\/futbol\/wp-json\/wp\/v2\/comments?post=415472"}],"version-history":[{"count":0,"href":"http:\/\/desarrollo.grupomedios.com\/futbol\/wp-json\/wp\/v2\/posts\/415472\/revisions"}],"wp:featuredmedia":[{"embeddable":true,"href":"http:\/\/desarrollo.grupomedios.com\/futbol\/wp-json\/wp\/v2\/media\/415478"}],"wp:attachment":[{"href":"http:\/\/desarrollo.grupomedios.com\/futbol\/wp-json\/wp\/v2\/media?parent=415472"}],"wp:term":[{"taxonomy":"category","embeddable":true,"href":"http:\/\/desarrollo.grupomedios.com\/futbol\/wp-json\/wp\/v2\/categories?post=415472"},{"taxonomy":"post_tag","embeddable":true,"href":"http:\/\/desarrollo.grupomedios.com\/futbol\/wp-json\/wp\/v2\/tags?post=415472"}],"curies":[{"name":"wp","href":"https:\/\/api.w.org\/{rel}","templated":true}]}}