{"id":415557,"date":"2016-08-04T09:48:28","date_gmt":"2016-08-04T14:48:28","guid":{"rendered":"http:\/\/www.futboltotal.com.mx\/?p=415557"},"modified":"2016-08-04T09:48:28","modified_gmt":"2016-08-04T14:48:28","slug":"belgica-presenta-a-su-nuevo-entrenador","status":"publish","type":"post","link":"http:\/\/desarrollo.grupomedios.com\/futbol\/futbol-internacional\/belgica-presenta-a-su-nuevo-entrenador\/2016\/08","title":{"rendered":"Un espa\u00f1ol encargado de dirigir a B\u00e9lgica"},"content":{"rendered":"<p>El entrenador espa\u00f1ol <strong>Roberto Mart\u00ednez<\/strong>, que fue destituido en mayo pasado por el Everton despu\u00e9s de tres temporadas en ese club ingl\u00e9s, ha sido nombrado nuevo t\u00e9cnico de la selecci\u00f3n belga de f\u00fatbol, los <em>Diablos Rojos<\/em>.<\/p>\n<blockquote class=\"twitter-tweet\" data-lang=\"es\">\n<p dir=\"ltr\" lang=\"en\">The first picture! Our new head coach: Roberto Mart\u00ednez ! <a href=\"https:\/\/twitter.com\/hashtag\/welcomeRoberto?src=hash\">#welcomeRoberto<\/a> <a href=\"https:\/\/twitter.com\/hashtag\/tousensemble?src=hash\">#tousensemble<\/a> <a href=\"https:\/\/t.co\/iQCPcXOAGy\">pic.twitter.com\/iQCPcXOAGy<\/a><\/p>\n<p>\u2014 BelgianRedDevils (@BelRedDevils) <a href=\"https:\/\/twitter.com\/BelRedDevils\/status\/761149493580562432\">4 de agosto de 2016<\/a><\/p><\/blockquote>\n<p><script src=\"\/\/platform.twitter.com\/widgets.js\" async=\"\" charset=\"utf-8\"><\/script><\/p>\n<p>El t\u00e9cnico catal\u00e1n, de 43 a\u00f1os, fue nombrado hoy por la Uni\u00f3n Real Belga de Sociedades de F\u00fatbol-Asociaci\u00f3n (URBSFA) &#8220;para que tome las riendas de los <em>Diablos Rojos<\/em>, se\u00f1al\u00f3 la instituci\u00f3n en un comunicado.<\/p>\n<p><strong>Mart\u00ednez<\/strong> suceder\u00e1 a Marc Wilmots, quien dej\u00f3 el pasado 15 de julio de ser el entrenador de la selecci\u00f3n de f\u00fatbol belga tras no alcanzar los objetivos que se hab\u00eda fijado para la Eurocopa.<\/p>\n<p>La URBSFA se\u00f1al\u00f3 que &#8220;est\u00e1 encantada y orgullosa de haber encontrado tan r\u00e1pidamente a un t\u00e9cnico de ese nivel para entrenar a nuestra selecci\u00f3n&#8221;.<\/p>\n<p>&#8220;Despu\u00e9s de haber creado una lista con candidatos preseleccionados con los perfiles m\u00e1s interesantes para este cargo, la elecci\u00f3n ha ca\u00eddo r\u00e1pidamente en el entrenador espa\u00f1ol, que se ha mostrado honrado de poder trabajar con un grupo de jugadores tan talentosos como los nuestros&#8221;, indic\u00f3 la URBSFA.<\/p>\n<p>&#8220;Este excentrocampista ha dirigido como entrenador con \u00e9xito los clubes de Swansea, Wigan y el Everton&#8221;, agreg\u00f3.<\/p>\n<p>Mart\u00ednez fue presentado oficialmente este jueves ante los medios de comunicaci\u00f3n y los aficionados belgas las 10.30 GMT en la sede de la URBSFA.<\/p>\n<blockquote class=\"twitter-tweet\" data-lang=\"es\"><p>\nRoberto Mart\u00ednez\u2019s first press conference as our head coach ! <a href=\"https:\/\/twitter.com\/hashtag\/welcomeRoberto?src=hash\">#welcomeRoberto<\/a> <a href=\"https:\/\/twitter.com\/hashtag\/tousensemble?src=hash\">#tousensemble<\/a> <a href=\"https:\/\/t.co\/14Nk2owefd\">pic.twitter.com\/14Nk2owefd<\/a><\/p>\n<p>\u2014 BelgianRedDevils (@BelRedDevils) <a href=\"https:\/\/twitter.com\/BelRedDevils\/status\/761150898160668673\">4 de agosto de 2016<\/a>\n<\/p><\/blockquote>\n<p><script src=\"\/\/platform.twitter.com\/widgets.js\" async=\"\" charset=\"utf-8\"><\/script><\/p>\n<p>El nuevo entrenador de los<em> Diablos Rojos<\/em> empez\u00f3 su carrera como t\u00e9cnico en el Swansea gal\u00e9s en 2007, antes de recalar en el Wigan Athletic dos a\u00f1os despu\u00e9s.<\/p>\n<p>Con los <em>latics<\/em> gan\u00f3 una Copa de Inglaterra y descendi\u00f3 a la Championship.<\/p>\n<p>Con los <em>toffees<\/em>, el antiguo jugador de Zaragoza, Balaguer, Wigan, Motherwell, Walsall, Swansea y Chester, disput\u00f3 143 partidos, de los que gan\u00f3 61, empat\u00f3 39 y perdi\u00f3 43, con 227 goles a favor, 180 en contra y un porcentaje de victorias del 42,7 por ciento. EFE<\/p>\n<p style=\"text-align: center;\"><span style=\"color: #3366ff;\">LEER M\u00c1S:\u00a0<a style=\"color: #3366ff;\" href=\"http:\/\/www.futboltotal.com.mx\/2016\/08\/arbitros-contaran-asistencia-video-en-portugal\/\">TECNOLOG\u00cdA APOYAR\u00c1 A \u00c1RBITROS EN LA S\u00daPERCOPA DE PORTUGAL<\/a><\/span><\/p>\n","protected":false},"excerpt":{"rendered":"<p>El espa\u00f1ol Roberto Mart\u00ednez es nuevo t\u00e9cnico de los Red Devils<\/p>\n","protected":false},"author":20,"featured_media":415560,"comment_status":"closed","ping_status":"closed","sticky":false,"template":"","format":"standard","meta":[],"categories":[3839,5951],"tags":[599,6214],"_links":{"self":[{"href":"http:\/\/desarrollo.grupomedios.com\/futbol\/wp-json\/wp\/v2\/posts\/415557"}],"collection":[{"href":"http:\/\/desarrollo.grupomedios.com\/futbol\/wp-json\/wp\/v2\/posts"}],"about":[{"href":"http:\/\/desarrollo.grupomedios.com\/futbol\/wp-json\/wp\/v2\/types\/post"}],"author":[{"embeddable":true,"href":"http:\/\/desarrollo.grupomedios.com\/futbol\/wp-json\/wp\/v2\/users\/20"}],"replies":[{"embeddable":true,"href":"http:\/\/desarrollo.grupomedios.com\/futbol\/wp-json\/wp\/v2\/comments?post=415557"}],"version-history":[{"count":0,"href":"http:\/\/desarrollo.grupomedios.com\/futbol\/wp-json\/wp\/v2\/posts\/415557\/revisions"}],"wp:featuredmedia":[{"embeddable":true,"href":"http:\/\/desarrollo.grupomedios.com\/futbol\/wp-json\/wp\/v2\/media\/415560"}],"wp:attachment":[{"href":"http:\/\/desarrollo.grupomedios.com\/futbol\/wp-json\/wp\/v2\/media?parent=415557"}],"wp:term":[{"taxonomy":"category","embeddable":true,"href":"http:\/\/desarrollo.grupomedios.com\/futbol\/wp-json\/wp\/v2\/categories?post=415557"},{"taxonomy":"post_tag","embeddable":true,"href":"http:\/\/desarrollo.grupomedios.com\/futbol\/wp-json\/wp\/v2\/tags?post=415557"}],"curies":[{"name":"wp","href":"https:\/\/api.w.org\/{rel}","templated":true}]}}