{"id":415585,"date":"2016-08-04T12:08:57","date_gmt":"2016-08-04T17:08:57","guid":{"rendered":"http:\/\/www.futboltotal.com.mx\/?p=415585"},"modified":"2016-08-04T12:08:57","modified_gmt":"2016-08-04T17:08:57","slug":"rusia-recibe-permiso-del-coi-competir-en-juegos-olimpicos","status":"publish","type":"post","link":"http:\/\/desarrollo.grupomedios.com\/futbol\/juegos-olimpicos-2016\/rusia-recibe-permiso-del-coi-competir-en-juegos-olimpicos\/2016\/08","title":{"rendered":"Que siempre s\u00ed&#8230; Rusia competir\u00e1 en Juegos Ol\u00edmpicos"},"content":{"rendered":"<p><strong>Rusia<\/strong> recibi\u00f3 hoy el visto bueno del COI para competir en los Juegos Ol\u00edmpicos de R\u00edo de Janeiro, anunci\u00f3 Alexandr Zh\u00fakov, presidente del Comit\u00e9 Ol\u00edmpico Ruso (COR).<\/p>\n<p>&#8220;S\u00ed, ya lo hemos recibido. Son unos 270 deportistas. En casi todas las disciplinas ol\u00edmpicas con los equipos al completo&#8221;, dijo Zh\u00fakov a medios rusos desde la ciudad brasile\u00f1a.<\/p>\n<p>Reconoci\u00f3 que a\u00fan est\u00e1 en el aire la suerte de algunos deportistas como la campeona mundial de nataci\u00f3n, Yulia Ef\u00edmova, ya que el Tribunal de Arbitraje Deportivo (TAS) a\u00fan no ha emitido su fallo.<\/p>\n<blockquote class=\"twitter-tweet\" data-lang=\"es\">\n<p dir=\"ltr\" lang=\"es\">\u00a1U-N D\u00cdA para que comience la fiesta del deporte!  <a href=\"https:\/\/twitter.com\/juegosolimpicos\">@juegosolimpicos<\/a> <a href=\"https:\/\/twitter.com\/hashtag\/Rio2016?src=hash\">#Rio2016<\/a> <a href=\"https:\/\/t.co\/IPIKrKHn84\">pic.twitter.com\/IPIKrKHn84<\/a><\/p>\n<p>\u2014 Rio 2016 (@rio2016_es) <a href=\"https:\/\/twitter.com\/rio2016_es\/status\/761184253958823936\">4 de agosto de 2016<\/a><\/p><\/blockquote>\n<p><script src=\"\/\/platform.twitter.com\/widgets.js\" async=\"\" charset=\"utf-8\"><\/script><\/p>\n<p>&#8220;Aprobaron todo lo que les presentaron las federaciones&#8221;, destac\u00f3, en alusi\u00f3n a la comisi\u00f3n especial creada por el COI para analizar caso por caso a todos los integrantes del equipo ol\u00edmpico ruso.<\/p>\n<p>Dicha comisi\u00f3n estaba integrada por el presidente de la Federaci\u00f3n Internacional de Tiro con Arco, el turco Ugur Erdener; la responsable de la Comisi\u00f3n de Atletas, la alemana Claudia Bokel; y por el espa\u00f1ol Juan Antonio Samaranch, hijo del antiguo presidente del COI, ya fallecido.<\/p>\n<p><span style=\"color: #3366ff;\">LEER M\u00c1S:\u00a0<a style=\"color: #3366ff;\" href=\"http:\/\/www.futboltotal.com.mx\/2016\/08\/la-antorcha-olimpica-llego-a-rio\/\">La antorcha ol\u00edmpica lleg\u00f3 a R\u00edo<\/a><\/span><\/p>\n<p>Despu\u00e9s de que el informe McLaren acusara el 18 de julio pasado a Rusia de dopaje de Estado, el COI cedi\u00f3 a las federaciones internacionales la responsabilidad de examinar a los deportistas rusos, tras lo que la comisi\u00f3n especial deb\u00eda de ser el \u00faltimo filtro.<\/p>\n<p>En el \u00faltimo momento fueron perdonados dos nadadores mencionados por McLaren, pero que entrenan en Estados Unidos: Nikita Lobintsev y Vlad\u00edmir Mor\u00f3zov, ambos medallistas ol\u00edmpicos.<\/p>\n<p>Del total de 387 deportistas seleccionados originalmente por el COR se queda fuera el equipo de atletismo (67), que fue apartado por la IAAF debido a las acusaciones de connivencia con el dopaje vertidas contra la federaci\u00f3n rusa.<\/p>\n<blockquote class=\"twitter-tweet\" data-lang=\"es\"><p>\n<a href=\"https:\/\/twitter.com\/hashtag\/D%C3%ADa94?src=hash\">#D\u00eda94<\/a> La <a href=\"https:\/\/twitter.com\/hashtag\/LlamaOl%C3%ADmpica?src=hash\">#LlamaOl\u00edmpica<\/a> cada vez m\u00e1s cerca de destino final. Comenz\u00f3 el d\u00eda en la <a href=\"https:\/\/twitter.com\/hashtag\/VillaOl%C3%ADmpica?src=hash\">#VillaOl\u00edmpica<\/a> <a href=\"https:\/\/twitter.com\/hashtag\/Rio2016?src=hash\">#Rio2016<\/a> <a href=\"https:\/\/t.co\/y8LLyYk70L\">pic.twitter.com\/y8LLyYk70L<\/a><\/p>\n<p>\u2014 Rio 2016 (@rio2016_es) <a href=\"https:\/\/twitter.com\/rio2016_es\/status\/761226545570734081\">4 de agosto de 2016<\/a>\n<\/p><\/blockquote>\n<p><script src=\"\/\/platform.twitter.com\/widgets.js\" async=\"\" charset=\"utf-8\"><\/script><\/p>\n<p>S\u00f3lo competir\u00e1 en la pista de atletismo la saltadora de longitud Daria Klishina, que entrena en Estados Unidos.<\/p>\n<p>El TAS tambi\u00e9n confirm\u00f3 esta semana la exclusi\u00f3n de todo el equipo de halterofilia y de 17 remeros rusos, a los que se suman seis ciclistas y cinco pirag\u00fcistas, que tampoco podr\u00e1n competir por las medallas en R\u00edo.<\/p>\n<p style=\"text-align: center;\"><span style=\"color: #3366ff;\">LEER M\u00c1S:\u00a0<a style=\"color: #3366ff;\" href=\"http:\/\/www.futboltotal.com.mx\/2016\/08\/crean-app-los-atletas-se-conozcan-en-rio-janeiro\/\">\u00a1Crean app para que los atletas liguen en R\u00edo!<\/a><\/span><\/p>\n<p>Una treintena de campeones ol\u00edmpicos, mundiales y medallistas rusos ya se han quedado irremediablemente fuera de los <strong>Juegos Ol\u00edmpicos de R\u00edo<\/strong>, lo que complica la tarea del equipo eslavo de recuperar el tercer puesto en el medallero que perdi\u00f3 hace cuatro a\u00f1os Londres en beneficio de los anfitriones. EFE<\/p>\n","protected":false},"excerpt":{"rendered":"<p>Alrededor de 270 atletas rusos podr\u00e1n participar<\/p>\n","protected":false},"author":20,"featured_media":415591,"comment_status":"closed","ping_status":"closed","sticky":false,"template":"","format":"standard","meta":[],"categories":[7182,7188],"tags":[1911,5664],"_links":{"self":[{"href":"http:\/\/desarrollo.grupomedios.com\/futbol\/wp-json\/wp\/v2\/posts\/415585"}],"collection":[{"href":"http:\/\/desarrollo.grupomedios.com\/futbol\/wp-json\/wp\/v2\/posts"}],"about":[{"href":"http:\/\/desarrollo.grupomedios.com\/futbol\/wp-json\/wp\/v2\/types\/post"}],"author":[{"embeddable":true,"href":"http:\/\/desarrollo.grupomedios.com\/futbol\/wp-json\/wp\/v2\/users\/20"}],"replies":[{"embeddable":true,"href":"http:\/\/desarrollo.grupomedios.com\/futbol\/wp-json\/wp\/v2\/comments?post=415585"}],"version-history":[{"count":0,"href":"http:\/\/desarrollo.grupomedios.com\/futbol\/wp-json\/wp\/v2\/posts\/415585\/revisions"}],"wp:featuredmedia":[{"embeddable":true,"href":"http:\/\/desarrollo.grupomedios.com\/futbol\/wp-json\/wp\/v2\/media\/415591"}],"wp:attachment":[{"href":"http:\/\/desarrollo.grupomedios.com\/futbol\/wp-json\/wp\/v2\/media?parent=415585"}],"wp:term":[{"taxonomy":"category","embeddable":true,"href":"http:\/\/desarrollo.grupomedios.com\/futbol\/wp-json\/wp\/v2\/categories?post=415585"},{"taxonomy":"post_tag","embeddable":true,"href":"http:\/\/desarrollo.grupomedios.com\/futbol\/wp-json\/wp\/v2\/tags?post=415585"}],"curies":[{"name":"wp","href":"https:\/\/api.w.org\/{rel}","templated":true}]}}