{"id":415595,"date":"2016-08-04T12:40:07","date_gmt":"2016-08-04T17:40:07","guid":{"rendered":"http:\/\/www.futboltotal.com.mx\/?p=415595"},"modified":"2016-08-04T12:40:36","modified_gmt":"2016-08-04T17:40:36","slug":"menez-sufre-escalofriante-lesion","status":"publish","type":"post","link":"http:\/\/desarrollo.grupomedios.com\/futbol\/futbol-internacional\/menez-sufre-escalofriante-lesion\/2016\/08","title":{"rendered":"\u00a1M\u00e9nez perdi\u00f3 parte de la oreja en pleno partido!"},"content":{"rendered":"<p>El delantero franc\u00e9s <strong>J\u00e9r\u00e9my Menez<\/strong> tuvo un desafortunado debut con el <strong>Girondis de Bordeux<\/strong> en la victoria 3-1 ante el Lorient. El flamante fichaje recibi\u00f3 una dura entrada del zaguero del Lorient Didier Ndong y perdi\u00f3 parte de la oreja.<\/p>\n<p><a href=\"http:\/\/www.futboltotal.com.mx\/wp-content\/uploads\/2016\/08\/Menez1.jpg\"><img decoding=\"async\" loading=\"lazy\" class=\"alignnone size-full wp-image-415598\" src=\"http:\/\/www.futboltotal.com.mx\/wp-content\/uploads\/2016\/08\/Menez1.jpg\" alt=\"Menez1\" srcset=\"http:\/\/desarrollo.grupomedios.com\/futbol\/wp-content\/uploads\/2016\/08\/Menez1.jpg 858w, http:\/\/desarrollo.grupomedios.com\/futbol\/wp-content\/uploads\/2016\/08\/Menez1-300x151.jpg 300w, http:\/\/desarrollo.grupomedios.com\/futbol\/wp-content\/uploads\/2016\/08\/Menez1-768x386.jpg 768w, http:\/\/desarrollo.grupomedios.com\/futbol\/wp-content\/uploads\/2016\/08\/Menez1-340x171.jpg 340w\" sizes=\"(max-width: 858px) 100vw, 858px\" \/><\/a><\/p>\n<p>Cuando falta poco menos de un cuarto de hora para que concluyera el encuentro, Ndong golpe\u00f3 con una patada a M\u00e9nez y le parti\u00f3 la oreja en dos. Instantes despu\u00e9s ingres\u00f3 el cuerpo m\u00e9dico del Girondis para auxiliar al atacante, quien no pudo seguir en el encuentro ante la gravedad de la lesi\u00f3n.<\/p>\n<p><a href=\"http:\/\/www.futboltotal.com.mx\/wp-content\/uploads\/2016\/08\/Menez3.jpg\"><img decoding=\"async\" loading=\"lazy\" class=\"alignnone size-full wp-image-415597\" src=\"http:\/\/www.futboltotal.com.mx\/wp-content\/uploads\/2016\/08\/Menez3.jpg\" alt=\"Menez3\" srcset=\"http:\/\/desarrollo.grupomedios.com\/futbol\/wp-content\/uploads\/2016\/08\/Menez3.jpg 858w, http:\/\/desarrollo.grupomedios.com\/futbol\/wp-content\/uploads\/2016\/08\/Menez3-228x300.jpg 228w, http:\/\/desarrollo.grupomedios.com\/futbol\/wp-content\/uploads\/2016\/08\/Menez3-768x1009.jpg 768w, http:\/\/desarrollo.grupomedios.com\/futbol\/wp-content\/uploads\/2016\/08\/Menez3-780x1024.jpg 780w\" sizes=\"(max-width: 858px) 100vw, 858px\" \/><\/a><\/p>\n<p>El parte m\u00e9dico del conjunto franc\u00e9s cita que el jugador podr\u00e1 regresar a la actividad deportiva en la medida en que cicatrice la herida, por lo que la participaci\u00f3n de Menez est\u00e1 en duda para el inicio de la Ligue 1 ante el Saint-Etienne, el pr\u00f3ximo 13 de agosto.<\/p>\n<p>Cabe apuntar que tras el lamentable incidente, Ndong se disculp\u00f3 a trav\u00e9s de un comunicado: &#8221; Pido disculpas a J\u00e9r\u00e9my M\u00e9nez y al Burdeos tras un hecho de juego totalmente involuntario que tuvo consecuencias desafortunadas&#8221;.<br \/>\n<a href=\"http:\/\/www.futboltotal.com.mx\/wp-content\/uploads\/2016\/08\/Menez2.jpg\"><img decoding=\"async\" loading=\"lazy\" class=\"alignnone size-full wp-image-415596\" src=\"http:\/\/www.futboltotal.com.mx\/wp-content\/uploads\/2016\/08\/Menez2.jpg\" alt=\"Menez2\" srcset=\"http:\/\/desarrollo.grupomedios.com\/futbol\/wp-content\/uploads\/2016\/08\/Menez2.jpg 858w, http:\/\/desarrollo.grupomedios.com\/futbol\/wp-content\/uploads\/2016\/08\/Menez2-300x151.jpg 300w, http:\/\/desarrollo.grupomedios.com\/futbol\/wp-content\/uploads\/2016\/08\/Menez2-768x386.jpg 768w, http:\/\/desarrollo.grupomedios.com\/futbol\/wp-content\/uploads\/2016\/08\/Menez2-340x171.jpg 340w\" sizes=\"(max-width: 858px) 100vw, 858px\" \/><\/a><\/p>\n","protected":false},"excerpt":{"rendered":"<p>El delantero franc\u00e9s sufri\u00f3 un dur\u00edsimo golpe en un amistoso<\/p>\n","protected":false},"author":20,"featured_media":415596,"comment_status":"closed","ping_status":"closed","sticky":false,"template":"","format":"standard","meta":[],"categories":[3839,5951],"tags":[7303],"_links":{"self":[{"href":"http:\/\/desarrollo.grupomedios.com\/futbol\/wp-json\/wp\/v2\/posts\/415595"}],"collection":[{"href":"http:\/\/desarrollo.grupomedios.com\/futbol\/wp-json\/wp\/v2\/posts"}],"about":[{"href":"http:\/\/desarrollo.grupomedios.com\/futbol\/wp-json\/wp\/v2\/types\/post"}],"author":[{"embeddable":true,"href":"http:\/\/desarrollo.grupomedios.com\/futbol\/wp-json\/wp\/v2\/users\/20"}],"replies":[{"embeddable":true,"href":"http:\/\/desarrollo.grupomedios.com\/futbol\/wp-json\/wp\/v2\/comments?post=415595"}],"version-history":[{"count":0,"href":"http:\/\/desarrollo.grupomedios.com\/futbol\/wp-json\/wp\/v2\/posts\/415595\/revisions"}],"wp:featuredmedia":[{"embeddable":true,"href":"http:\/\/desarrollo.grupomedios.com\/futbol\/wp-json\/wp\/v2\/media\/415596"}],"wp:attachment":[{"href":"http:\/\/desarrollo.grupomedios.com\/futbol\/wp-json\/wp\/v2\/media?parent=415595"}],"wp:term":[{"taxonomy":"category","embeddable":true,"href":"http:\/\/desarrollo.grupomedios.com\/futbol\/wp-json\/wp\/v2\/categories?post=415595"},{"taxonomy":"post_tag","embeddable":true,"href":"http:\/\/desarrollo.grupomedios.com\/futbol\/wp-json\/wp\/v2\/tags?post=415595"}],"curies":[{"name":"wp","href":"https:\/\/api.w.org\/{rel}","templated":true}]}}