{"id":415599,"date":"2016-08-04T12:56:20","date_gmt":"2016-08-04T17:56:20","guid":{"rendered":"http:\/\/www.futboltotal.com.mx\/?p=415599"},"modified":"2016-08-04T12:56:20","modified_gmt":"2016-08-04T17:56:20","slug":"jugadores-apoyo-seleccion-mexicana-juegos-olimpicos","status":"publish","type":"post","link":"http:\/\/desarrollo.grupomedios.com\/futbol\/futbol-mexicano\/jugadores-apoyo-seleccion-mexicana-juegos-olimpicos\/2016\/08","title":{"rendered":"Jugadores env\u00edan mensajes de apoyo al TRI Ol\u00edmpico"},"content":{"rendered":"<p>La <span style=\"color: #ff0000;\"><a style=\"color: #ff0000;\" href=\"http:\/\/www.futboltotal.com.mx\/futbol-mexicano\/seleccion-mexicana\/\">Selecci\u00f3n Mexicana Sub-23<\/a><\/span> est\u00e1 por comenzar su aventura en los <strong>Juegos Ol\u00edmpicos de R\u00edo 2016<\/strong>, donde buscar\u00e1n defender el oro conseguido en Londres 2012.<\/p>\n<p>Por ello, diversos jugadores de la Liga MX y de la Selecci\u00f3n Nacional mayor, han expresado sus buenos deseos para todos los jugadores que buscar\u00e1n repetir la haza\u00f1a con el\u00a0<em>Tri\u00a0<\/em>Ol\u00edmpico<\/p>\n<p style=\"text-align: center;\"><span style=\"color: #3366ff;\">LEER M\u00c1S:\u00a0<a style=\"color: #3366ff;\" href=\"http:\/\/www.futboltotal.com.mx\/2016\/08\/oribe-peralta-marca-javier-mascherano\/\">Oribe Peralta, a la caza de Mascherano<\/a><\/span><\/p>\n<blockquote class=\"twitter-tweet\" data-lang=\"es\">\n<p dir=\"ltr\" lang=\"es\">Hoy mi <a href=\"https:\/\/twitter.com\/hashtag\/MEX?src=hash\">#MEX<\/a> comienza el <a href=\"https:\/\/twitter.com\/hashtag\/CaminoAlOro?src=hash\">#CaminoAlOro<\/a>. Nos encomendamos a ti se\u00f1or <a href=\"https:\/\/twitter.com\/OribePeralta\">@OribePeralta<\/a> <a href=\"https:\/\/twitter.com\/hashtag\/Oribeliever?src=hash\">#Oribeliever<\/a> <a href=\"https:\/\/twitter.com\/hashtag\/SomosBarbaros?src=hash\">#SomosBarbaros<\/a> <a href=\"https:\/\/t.co\/VawFkwwczC\">pic.twitter.com\/VawFkwwczC<\/a><\/p>\n<p>\u2014 Marc Crosas (@marccrosas) <a href=\"https:\/\/twitter.com\/marccrosas\/status\/761251064872042496\">4 de agosto de 2016<\/a><\/p><\/blockquote>\n<p><script src=\"\/\/platform.twitter.com\/widgets.js\" async=\"\" charset=\"utf-8\"><\/script><\/p>\n<blockquote class=\"twitter-tweet\" data-lang=\"es\"><p>\nVamooos con todo mi M\u00e9xico !! A refrendar el <a href=\"https:\/\/twitter.com\/hashtag\/oro?src=hash\">#oro<\/a> ol\u00edmpico \u26bd\ufe0f Mucho \u00e9xito <a href=\"https:\/\/twitter.com\/Potropegaso21\">@Potropegaso21<\/a> <a href=\"https:\/\/twitter.com\/miseleccionmx\">@miseleccionmx<\/a> <a href=\"https:\/\/twitter.com\/hashtag\/MEX?src=hash\">#MEX<\/a> <a href=\"https:\/\/t.co\/AQrdbqrQ3H\">pic.twitter.com\/AQrdbqrQ3H<\/a><\/p>\n<p>\u2014 Diego Reyes (@Diego_Reyes13) <a href=\"https:\/\/twitter.com\/Diego_Reyes13\/status\/761218702997979137\">4 de agosto de 2016<\/a>\n<\/p><\/blockquote>\n<p><script src=\"\/\/platform.twitter.com\/widgets.js\" async=\"\" charset=\"utf-8\"><\/script><\/p>\n<blockquote class=\"twitter-tweet\" data-lang=\"es\">\n<p dir=\"ltr\" lang=\"es\">Mucho exito a toda la delegaci\u00f3n Mexicana que nos representara en estos Juegos Ol\u00edmpicos de Rio 2016 <a href=\"https:\/\/twitter.com\/hashtag\/VamosPorElOro?src=hash\">#VamosPorElOro<\/a> <a href=\"https:\/\/t.co\/iFrxU3yFrM\">pic.twitter.com\/iFrxU3yFrM<\/a><\/p>\n<p>\u2014 Ra\u00fal Jim\u00e9nez (@Raul_Jimenez9) <a href=\"https:\/\/twitter.com\/Raul_Jimenez9\/status\/761155547957760000\">4 de agosto de 2016<\/a><\/p><\/blockquote>\n<p><script src=\"\/\/platform.twitter.com\/widgets.js\" async=\"\" charset=\"utf-8\"><\/script><\/p>\n<blockquote class=\"twitter-tweet\" data-lang=\"es\"><p>\n\u00c9xito en estos Juegos Ol\u00edmpicos <a href=\"https:\/\/twitter.com\/Potropegaso21\">@Potropegaso21<\/a> y compa\u00f1eros. <a href=\"https:\/\/twitter.com\/hashtag\/VamosPorElOro?src=hash\">#VamosPorElOro<\/a> <a href=\"https:\/\/twitter.com\/hashtag\/Rio2016?src=hash\">#Rio2016<\/a><br \/>\n\u26bd\ufe0f<\/p>\n<p>\u2014 Miguel Ponce (@mapb_16) <a href=\"https:\/\/twitter.com\/mapb_16\/status\/761185350643363840\">4 de agosto de 2016<\/a>\n<\/p><\/blockquote>\n<p><script src=\"\/\/platform.twitter.com\/widgets.js\" async=\"\" charset=\"utf-8\"><\/script><\/p>\n","protected":false},"excerpt":{"rendered":"<p>Jugadores del TRI mayor expresaron su apoyo<\/p>\n","protected":false},"author":20,"featured_media":415602,"comment_status":"closed","ping_status":"closed","sticky":false,"template":"","format":"standard","meta":[],"categories":[2198,7182,3847],"tags":[1911,5979],"_links":{"self":[{"href":"http:\/\/desarrollo.grupomedios.com\/futbol\/wp-json\/wp\/v2\/posts\/415599"}],"collection":[{"href":"http:\/\/desarrollo.grupomedios.com\/futbol\/wp-json\/wp\/v2\/posts"}],"about":[{"href":"http:\/\/desarrollo.grupomedios.com\/futbol\/wp-json\/wp\/v2\/types\/post"}],"author":[{"embeddable":true,"href":"http:\/\/desarrollo.grupomedios.com\/futbol\/wp-json\/wp\/v2\/users\/20"}],"replies":[{"embeddable":true,"href":"http:\/\/desarrollo.grupomedios.com\/futbol\/wp-json\/wp\/v2\/comments?post=415599"}],"version-history":[{"count":0,"href":"http:\/\/desarrollo.grupomedios.com\/futbol\/wp-json\/wp\/v2\/posts\/415599\/revisions"}],"wp:featuredmedia":[{"embeddable":true,"href":"http:\/\/desarrollo.grupomedios.com\/futbol\/wp-json\/wp\/v2\/media\/415602"}],"wp:attachment":[{"href":"http:\/\/desarrollo.grupomedios.com\/futbol\/wp-json\/wp\/v2\/media?parent=415599"}],"wp:term":[{"taxonomy":"category","embeddable":true,"href":"http:\/\/desarrollo.grupomedios.com\/futbol\/wp-json\/wp\/v2\/categories?post=415599"},{"taxonomy":"post_tag","embeddable":true,"href":"http:\/\/desarrollo.grupomedios.com\/futbol\/wp-json\/wp\/v2\/tags?post=415599"}],"curies":[{"name":"wp","href":"https:\/\/api.w.org\/{rel}","templated":true}]}}