{"id":415604,"date":"2016-08-04T13:28:24","date_gmt":"2016-08-04T18:28:24","guid":{"rendered":"http:\/\/www.futboltotal.com.mx\/?p=415604"},"modified":"2016-08-04T13:38:52","modified_gmt":"2016-08-04T18:38:52","slug":"mexico-a-morder-oro","status":"publish","type":"post","link":"http:\/\/desarrollo.grupomedios.com\/futbol\/destacado-home\/mexico-a-morder-oro\/2016\/08","title":{"rendered":"\u00a1M\u00e9xico, a morder el ORO!"},"content":{"rendered":"<p>Hace cuatro a\u00f1os, el <strong>Tri Sub-23<\/strong> escribi\u00f3 un cap\u00edtulo dorado. En Wembley, una de las catedrales del futbol, toc\u00f3 el cielo, la gloria. De la mano del entrenador Luis Fernando Tena, por primera vez conquist\u00f3 una medalla de oro en la historia de los\u00a0<strong>Juegos Ol\u00edmpicos<\/strong>.\u00a0Con aquella gesta en la memoria colectiva, la selecci\u00f3n de futbol contender\u00e1 de nueva cuenta a ultranza para revalidar aquella proeza, esta vez, bajo la tutela del director t\u00e9cnico Ra\u00fal Guti\u00e9rrez.<\/p>\n<p>Antes de que el <strong>Tri Sub-23<\/strong> despegue en la justa con el duelo ante Alemania, en <em>Futbol Total<\/em> te contamos c\u00f3mo ha sido su andadura en los <strong>Juegos Ol\u00edmpicos<\/strong>. En \u00a0su und\u00e9cima participaci\u00f3n en la magna justa del deporte tiene una cita con la historia.<\/p>\n<p style=\"text-align: center;\"><span style=\"color: #3366ff;\"><strong><a style=\"color: #3366ff;\" href=\"http:\/\/www.futboltotal.com.mx\/juegos-olimpicos-2016\">LEER M\u00c1S: Todas las noticias de Juegos Ol\u00edmpicos\u00a0<\/a><\/strong><\/span><br \/>\n[video_player]https:\/\/player.vimeo.com\/external\/177589048.hd.mp4?s=44c3eb3a14496d79ad146e45aa08c3e6ee2786ed&amp;profile_id=174[\/video_player]<\/p>\n","protected":false},"excerpt":{"rendered":"<p>La Selecci\u00f3n Ol\u00edmpica de Futbol busca otra presea a\u00farea en Londres 2012<\/p>\n","protected":false},"author":20,"featured_media":415619,"comment_status":"closed","ping_status":"closed","sticky":false,"template":"","format":"standard","meta":[],"categories":[5,7186,7182,3847],"tags":[],"_links":{"self":[{"href":"http:\/\/desarrollo.grupomedios.com\/futbol\/wp-json\/wp\/v2\/posts\/415604"}],"collection":[{"href":"http:\/\/desarrollo.grupomedios.com\/futbol\/wp-json\/wp\/v2\/posts"}],"about":[{"href":"http:\/\/desarrollo.grupomedios.com\/futbol\/wp-json\/wp\/v2\/types\/post"}],"author":[{"embeddable":true,"href":"http:\/\/desarrollo.grupomedios.com\/futbol\/wp-json\/wp\/v2\/users\/20"}],"replies":[{"embeddable":true,"href":"http:\/\/desarrollo.grupomedios.com\/futbol\/wp-json\/wp\/v2\/comments?post=415604"}],"version-history":[{"count":0,"href":"http:\/\/desarrollo.grupomedios.com\/futbol\/wp-json\/wp\/v2\/posts\/415604\/revisions"}],"wp:featuredmedia":[{"embeddable":true,"href":"http:\/\/desarrollo.grupomedios.com\/futbol\/wp-json\/wp\/v2\/media\/415619"}],"wp:attachment":[{"href":"http:\/\/desarrollo.grupomedios.com\/futbol\/wp-json\/wp\/v2\/media?parent=415604"}],"wp:term":[{"taxonomy":"category","embeddable":true,"href":"http:\/\/desarrollo.grupomedios.com\/futbol\/wp-json\/wp\/v2\/categories?post=415604"},{"taxonomy":"post_tag","embeddable":true,"href":"http:\/\/desarrollo.grupomedios.com\/futbol\/wp-json\/wp\/v2\/tags?post=415604"}],"curies":[{"name":"wp","href":"https:\/\/api.w.org\/{rel}","templated":true}]}}