{"id":415606,"date":"2016-08-04T13:27:40","date_gmt":"2016-08-04T18:27:40","guid":{"rendered":"http:\/\/www.futboltotal.com.mx\/?p=415606"},"modified":"2016-08-04T17:39:21","modified_gmt":"2016-08-04T22:39:21","slug":"escuadron-suicida-villanos-del-futbol-version-villanos-dc-comics","status":"publish","type":"post","link":"http:\/\/desarrollo.grupomedios.com\/futbol\/destacado-home\/escuadron-suicida-villanos-del-futbol-version-villanos-dc-comics\/2016\/08","title":{"rendered":"Escuadr\u00f3n Suicida | Los villanos del futbol"},"content":{"rendered":"<p>La noche de este jueves 4 de agosto, las salas de cine mexicanas comenzar\u00e1n a llenarse para ver uno de los estrenos m\u00e1s esperados de 2016, se trata de la adaptaci\u00f3n cinematogr\u00e1fica de una serie de <strong>DC C\u00f3mics<\/strong> conocida como<strong> El Escuadr\u00f3n Suicida<\/strong>, un grupo de villanos que intentan ser h\u00e9roes.<\/p>\n<p><strong>Escuadr\u00f3n Suicida<\/strong> tiene como protagonistas a los enemigos de Batman, Superman y Flash, entre otros conocidos por los fans, por eso en <strong>Futbol Total,<\/strong> decidimos compartir nuestra comparaci\u00f3n de los temibles villanos del futbol y su versi\u00f3n en villanos de <strong>DC C\u00f3mics<\/strong>.<\/p>\n<p style=\"text-align: center;\"><span style=\"color: #3366ff;\"><a style=\"color: #3366ff;\" href=\"http:\/\/www.futboltotal.com.mx\/2016\/08\/pokemon-go-version-futbol\/\" target=\"_blank\"><strong>LEER M\u00c1S: Futbol versi\u00f3n Pokemon Go<\/strong><\/a><\/span><\/p>\n<p>Este es nuestro <strong>Escuadr\u00f3n Suicida&#8230;Los villanos del futbol<\/strong>:<\/p>\n<p><a href=\"http:\/\/www.futboltotal.com.mx\/wp-content\/uploads\/2016\/08\/villanos1.jpg\"><img decoding=\"async\" loading=\"lazy\" class=\"size-full wp-image-415608 aligncenter\" src=\"http:\/\/www.futboltotal.com.mx\/wp-content\/uploads\/2016\/08\/villanos1.jpg\" alt=\"villanos1\" srcset=\"http:\/\/desarrollo.grupomedios.com\/futbol\/wp-content\/uploads\/2016\/08\/villanos1.jpg 858w, http:\/\/desarrollo.grupomedios.com\/futbol\/wp-content\/uploads\/2016\/08\/villanos1-213x300.jpg 213w, http:\/\/desarrollo.grupomedios.com\/futbol\/wp-content\/uploads\/2016\/08\/villanos1-768x1079.jpg 768w, http:\/\/desarrollo.grupomedios.com\/futbol\/wp-content\/uploads\/2016\/08\/villanos1-729x1024.jpg 729w\" sizes=\"(max-width: 858px) 100vw, 858px\" \/><\/a><\/p>\n<p><a href=\"http:\/\/www.futboltotal.com.mx\/wp-content\/uploads\/2016\/08\/villanos2.jpg\"><img decoding=\"async\" loading=\"lazy\" class=\"size-full wp-image-415609 aligncenter\" src=\"http:\/\/www.futboltotal.com.mx\/wp-content\/uploads\/2016\/08\/villanos2.jpg\" alt=\"villanos2\" srcset=\"http:\/\/desarrollo.grupomedios.com\/futbol\/wp-content\/uploads\/2016\/08\/villanos2.jpg 858w, http:\/\/desarrollo.grupomedios.com\/futbol\/wp-content\/uploads\/2016\/08\/villanos2-288x300.jpg 288w, http:\/\/desarrollo.grupomedios.com\/futbol\/wp-content\/uploads\/2016\/08\/villanos2-768x799.jpg 768w\" sizes=\"(max-width: 858px) 100vw, 858px\" \/><\/a><\/p>\n<p><span style=\"color: #ff0000;\">VIDEO: Los Villanos del futbol<\/span><\/p>\n<p>[video_player]https:\/\/player.vimeo.com\/external\/177621162.hd.mp4?s=75f3100405e570f0d3dad22d131d505342799b32&amp;profile_id=174[\/video_player]<\/p>\n","protected":false},"excerpt":{"rendered":"<p>Te presentamos a los bellacos del balompi\u00e9 y su alter ego en c\u00f3mics<\/p>\n","protected":false},"author":20,"featured_media":415622,"comment_status":"closed","ping_status":"closed","sticky":false,"template":"","format":"standard","meta":[],"categories":[5419,5,3839,2198],"tags":[5460,5824],"_links":{"self":[{"href":"http:\/\/desarrollo.grupomedios.com\/futbol\/wp-json\/wp\/v2\/posts\/415606"}],"collection":[{"href":"http:\/\/desarrollo.grupomedios.com\/futbol\/wp-json\/wp\/v2\/posts"}],"about":[{"href":"http:\/\/desarrollo.grupomedios.com\/futbol\/wp-json\/wp\/v2\/types\/post"}],"author":[{"embeddable":true,"href":"http:\/\/desarrollo.grupomedios.com\/futbol\/wp-json\/wp\/v2\/users\/20"}],"replies":[{"embeddable":true,"href":"http:\/\/desarrollo.grupomedios.com\/futbol\/wp-json\/wp\/v2\/comments?post=415606"}],"version-history":[{"count":0,"href":"http:\/\/desarrollo.grupomedios.com\/futbol\/wp-json\/wp\/v2\/posts\/415606\/revisions"}],"wp:featuredmedia":[{"embeddable":true,"href":"http:\/\/desarrollo.grupomedios.com\/futbol\/wp-json\/wp\/v2\/media\/415622"}],"wp:attachment":[{"href":"http:\/\/desarrollo.grupomedios.com\/futbol\/wp-json\/wp\/v2\/media?parent=415606"}],"wp:term":[{"taxonomy":"category","embeddable":true,"href":"http:\/\/desarrollo.grupomedios.com\/futbol\/wp-json\/wp\/v2\/categories?post=415606"},{"taxonomy":"post_tag","embeddable":true,"href":"http:\/\/desarrollo.grupomedios.com\/futbol\/wp-json\/wp\/v2\/tags?post=415606"}],"curies":[{"name":"wp","href":"https:\/\/api.w.org\/{rel}","templated":true}]}}