{"id":415652,"date":"2016-08-04T15:33:04","date_gmt":"2016-08-04T20:33:04","guid":{"rendered":"http:\/\/www.futboltotal.com.mx\/?p=415652"},"modified":"2016-08-04T15:35:58","modified_gmt":"2016-08-04T20:35:58","slug":"fernando-llorente-fichado-swansea","status":"publish","type":"post","link":"http:\/\/desarrollo.grupomedios.com\/futbol\/futbol-internacional\/fernando-llorente-fichado-swansea\/2016\/08","title":{"rendered":"Fernando Llorente llegar\u00e1 a la Premier League"},"content":{"rendered":"<p>El delantero internacional espa\u00f1ol <strong>Fernando Llorente<\/strong> se marcha al <strong>Swansea<\/strong> gal\u00e9s, en el que jugar\u00e1 las dos pr\u00f3ximas temporadas, tras llegar a un acuerdo para rescindir el contrato que le un\u00eda al Sevilla, en el que ha militado la \u00faltima campa\u00f1a y al que lleg\u00f3 procedente del Juventus.<\/p>\n<p>El rendimiento del delantero en el Ram\u00f3n S\u00e1nchez Pizju\u00e1n ha sido inversamente proporcional a las enormes expectativas que levant\u00f3 su llegada y que pronto quedaron defraudadas por los altibajos de su rendimiento y por la presi\u00f3n derivada de ser uno de los jugadores mejor pagados de la plantilla.<\/p>\n<blockquote class=\"twitter-tweet\" data-lang=\"es\">\n<p dir=\"ltr\" lang=\"es\">\u00a1Mucha suerte en tu nueva aventura amigo!In bocca al lupo amico mio!Good luck in your new challenge! <a href=\"https:\/\/twitter.com\/coke23andujar\">@coke23andujar<\/a> <a href=\"https:\/\/t.co\/U7cQsOtfvg\">pic.twitter.com\/U7cQsOtfvg<\/a><\/p>\n<p>\u2014 fernando llorente (@llorentefer19) <a href=\"https:\/\/twitter.com\/llorentefer19\/status\/760111593103495168\">1 de agosto de 2016<\/a><\/p><\/blockquote>\n<p><script src=\"\/\/platform.twitter.com\/widgets.js\" async=\"\" charset=\"utf-8\"><\/script><\/p>\n<p>El paso de <strong>Fernando Llorente<\/strong> por Sevilla estuvo marcado desde un principio por su alta ficha, derivada de que lleg\u00f3 al club de Nervi\u00f3n como agente libre tras desvincularse del Juventus y firmar hace un a\u00f1o un contrato por tres temporadas.<\/p>\n<p><span style=\"color: #3366ff;\">LEER M\u00c1S:\u00a0<a style=\"color: #3366ff;\" href=\"http:\/\/www.futboltotal.com.mx\/2016\/08\/mercado-fichajes-en-europa\/\">Mercado de fichajes en Europa<\/a><\/span><\/p>\n<p>El delantero internacional espa\u00f1ol, de 31 a\u00f1os, no contaba esta temporada para el entrenador del Sevilla, el argentino Jorge Sampaoli, despu\u00e9s de no haberlo hecho tampoco con la regularidad que se presum\u00eda a su llegada con el anterior t\u00e9cnico del equipo, Unai Emery.<\/p>\n<blockquote class=\"twitter-tweet\" data-lang=\"es\"><p>\nSeguimos preparando la nueva temporada Yo ya tengo mis nuevas <a href=\"https:\/\/twitter.com\/adidas_ES\">@adidas_ES<\/a> <a href=\"https:\/\/twitter.com\/hashtag\/ACE16?src=hash\">#ACE16<\/a> <a href=\"https:\/\/twitter.com\/hashtag\/FirstNeverFollows?src=hash\">#FirstNeverFollows<\/a> <a href=\"https:\/\/t.co\/xAJzYXf5oy\">pic.twitter.com\/xAJzYXf5oy<\/a><\/p>\n<p>\u2014 fernando llorente (@llorentefer19) <a href=\"https:\/\/twitter.com\/llorentefer19\/status\/755077421301395456\">18 de julio de 2016<\/a>\n<\/p><\/blockquote>\n<p><script src=\"\/\/platform.twitter.com\/widgets.js\" async=\"\" charset=\"utf-8\"><\/script><\/p>\n<p>La pasada temporada, <strong>Llorente<\/strong> marc\u00f3 en Liga cuatro goles en los 23 partidos que jug\u00f3, 14 de ellos como titular y en los que fue sustituido en doce ocasiones, cifras muy pobres para quien lleg\u00f3 al S\u00e1nchez Pizju\u00e1n como figura y al que el lastre de su ficha y la poca confianza del entrenador le pesaron en exceso.<\/p>\n<p>El director deportivo del Sevilla, Ram\u00f3n Rodr\u00edguez &#8216;Monchi&#8217;, afirm\u00f3 hoy durante la presentaci\u00f3n del delantero Wissan Ben Yedder, cuando la operaci\u00f3n con el <strong>Swansea<\/strong> se estaba finiquitando, que el club <em>sevillista<\/em> &#8220;apost\u00f3 de forma ambiciosa por Fernando y \u00e9l por el Sevilla, pero las circunstancias no se han dado&#8221;.<\/p>\n<p>&#8220;S\u00f3lo le podemos desear la mejor de las suertes porque es una gran persona&#8221;, a\u00f1adi\u00f3.<\/p>\n<p><strong>Fernando Llorente<\/strong> debut\u00f3 en Primera Divisi\u00f3n con el Athletic Club de Bilbao en enero de 2005 de la mano del entonces t\u00e9cnico del equipo vasco Ernesto Valverde, quien actualmente tambi\u00e9n es el entrenador del conjunto bilba\u00edno, y estuvo hasta la conclusi\u00f3n de la campa\u00f1a 2012-13.<\/p>\n<p>Posteriormente firm\u00f3 por cuatro temporadas con el Juventus, de las que ha cumplido las dos primeras, la 2013-14 y la 2014-15, en las que se ha proclamado campe\u00f3n de la liga italiana. EFE<\/p>\n<p style=\"text-align: center;\"><span style=\"color: #3366ff;\">LEER M\u00c1S:\u00a0<a style=\"color: #3366ff;\" href=\"http:\/\/www.futboltotal.com.mx\/2016\/08\/real-madrid-vence-al-bayern-la-supercopa\/\">REAL MADRID VENCE AL BAYERN ANTES DE LA SUPERCOPA<\/a><\/span><\/p>\n","protected":false},"excerpt":{"rendered":"<p>Llorente llegar\u00e1 al Swansea City<\/p>\n","protected":false},"author":20,"featured_media":415658,"comment_status":"closed","ping_status":"closed","sticky":false,"template":"","format":"standard","meta":[],"categories":[3839,5951],"tags":[6214,49],"_links":{"self":[{"href":"http:\/\/desarrollo.grupomedios.com\/futbol\/wp-json\/wp\/v2\/posts\/415652"}],"collection":[{"href":"http:\/\/desarrollo.grupomedios.com\/futbol\/wp-json\/wp\/v2\/posts"}],"about":[{"href":"http:\/\/desarrollo.grupomedios.com\/futbol\/wp-json\/wp\/v2\/types\/post"}],"author":[{"embeddable":true,"href":"http:\/\/desarrollo.grupomedios.com\/futbol\/wp-json\/wp\/v2\/users\/20"}],"replies":[{"embeddable":true,"href":"http:\/\/desarrollo.grupomedios.com\/futbol\/wp-json\/wp\/v2\/comments?post=415652"}],"version-history":[{"count":0,"href":"http:\/\/desarrollo.grupomedios.com\/futbol\/wp-json\/wp\/v2\/posts\/415652\/revisions"}],"wp:featuredmedia":[{"embeddable":true,"href":"http:\/\/desarrollo.grupomedios.com\/futbol\/wp-json\/wp\/v2\/media\/415658"}],"wp:attachment":[{"href":"http:\/\/desarrollo.grupomedios.com\/futbol\/wp-json\/wp\/v2\/media?parent=415652"}],"wp:term":[{"taxonomy":"category","embeddable":true,"href":"http:\/\/desarrollo.grupomedios.com\/futbol\/wp-json\/wp\/v2\/categories?post=415652"},{"taxonomy":"post_tag","embeddable":true,"href":"http:\/\/desarrollo.grupomedios.com\/futbol\/wp-json\/wp\/v2\/tags?post=415652"}],"curies":[{"name":"wp","href":"https:\/\/api.w.org\/{rel}","templated":true}]}}