{"id":415673,"date":"2016-08-04T16:17:53","date_gmt":"2016-08-04T21:17:53","guid":{"rendered":"http:\/\/www.futboltotal.com.mx\/?p=415673"},"modified":"2016-08-04T16:19:32","modified_gmt":"2016-08-04T21:19:32","slug":"brasil-empata-0-0-sudafrica-en-juegos-olimpicos-rio-2016","status":"publish","type":"post","link":"http:\/\/desarrollo.grupomedios.com\/futbol\/futbol-internacional\/brasil-empata-0-0-sudafrica-en-juegos-olimpicos-rio-2016\/2016\/08","title":{"rendered":"Brasil debuta con empate en Juegos Ol\u00edmpicos"},"content":{"rendered":"<p>En su debut en los Juegos Ol\u00edmpicos, Brasil empato 0-0 ante la Selecci\u00f3n de Sud\u00e1frica , que se qued\u00f3 con 10 hombres desde el minuto 59\u00b4cuando expulsaron a Mvala por doble amarilla.<\/p>\n<blockquote class=\"twitter-tweet\" data-lang=\"es\">\n<p dir=\"ltr\" lang=\"es\"><a href=\"https:\/\/twitter.com\/hashtag\/BRA?src=hash\">#BRA<\/a> y <a href=\"https:\/\/twitter.com\/hashtag\/RSA?src=hash\">#RSA<\/a> empataron 0-0 en el Grupo A del <a href=\"https:\/\/twitter.com\/hashtag\/F%C3%BAtbol?src=hash\">#F\u00fatbol<\/a> masculino en los <a href=\"https:\/\/twitter.com\/hashtag\/JuegosOl%C3%ADmpicos?src=hash\">#JuegosOl\u00edmpicos<\/a> <a href=\"https:\/\/twitter.com\/hashtag\/Rio2016?src=hash\">#Rio2016<\/a> <a href=\"https:\/\/t.co\/U4ufsKRiIX\">pic.twitter.com\/U4ufsKRiIX<\/a><\/p>\n<p>\u2014 Los Juegos Ol\u00edmpicos (@juegosolimpicos) <a href=\"https:\/\/twitter.com\/juegosolimpicos\/status\/761306497179607040\">4 de agosto de 2016<\/a><\/p><\/blockquote>\n<p><script src=\"\/\/platform.twitter.com\/widgets.js\" async=\"\" charset=\"utf-8\"><\/script><\/p>\n<p>Los africanos sorprendieron en los primeros minutos con un r\u00e1pido contragolpe que detuvo el portero brasile\u00f1o Weverton, quien estuvo atento a los contragolpes de los sud\u00e1fricanos durante los primeros minutos del primer tiempo.<\/p>\n<p><span style=\"color: #3366ff;\">LEER M\u00c1S:\u00a0<a style=\"color: #3366ff;\" href=\"http:\/\/www.futboltotal.com.mx\/2016\/08\/oribe-peralta-marca-javier-mascherano\/\">Oribe Peralta, a la caza de Mascherano<\/a><\/span><\/p>\n<p>Hasta el minuto 30 y despu\u00e9s de que los\u00a0<em>Bafana Bafana\u00a0<\/em>pusieran a temblar a los brasile\u00f1os, apareci\u00f3 Neymar para intentar abrir el marcador pero el portero Khune realiz\u00f3 una gran atajada.<\/p>\n<p>El segundo tiempo comenz\u00f3 igual que el primero, pues ambos equipos se fueron en la b\u00fasqueda del gol, hasta que en el minuto 59, Sud\u00e1frica sufri\u00f3 la expulsi\u00f3n de Mvala. A partir de ah\u00ed, Brasil busc\u00f3 abrir el marcador de la mano de Neymar que estuvo intentando cada jugada.<\/p>\n<p>La ocasi\u00f3n m\u00e1s clara la tuvo el delantero Gabriel Jes\u00fas cuando al minuto 69\u00b4, el brasile\u00f1o se encontr\u00f3 un tiro chorreado de Rafinha y su bal\u00f3n lo estrell\u00f3 en el poste con el portero vencido.<\/p>\n<blockquote class=\"twitter-tweet\" data-lang=\"es\"><p>\nTremendo fallo de Gabriel Jesus <a href=\"https:\/\/t.co\/O6436xUwod\">pic.twitter.com\/O6436xUwod<\/a><\/p>\n<p>\u2014 Vida_Blaugrana (@Vida_Blaugrana) <a href=\"https:\/\/twitter.com\/Vida_Blaugrana\/status\/761298108265406464\">4 de agosto de 2016<\/a>\n<\/p><\/blockquote>\n<p><script src=\"\/\/platform.twitter.com\/widgets.js\" async=\"\" charset=\"utf-8\"><\/script><\/p>\n<p>Despu\u00e9s de esa jugada, la canarinha se fue con todo hacia adelante y gener\u00f3 ocasiones para marcar el primer gol, pero el arquero Khune permiti\u00f3 que Sud\u00e1frica sumara su primer punto ante Brasil.<\/p>\n<p><iframe loading=\"lazy\" src=\"https:\/\/www.youtube.com\/embed\/MjYIG9_zeaI?feature=oembed\" frameborder=\"0\" allowfullscreen><\/iframe><\/p>\n","protected":false},"excerpt":{"rendered":"<p>Neymar y compa\u00f1\u00eda no pudieron abrir la defensa sudafricana<\/p>\n","protected":false},"author":20,"featured_media":415693,"comment_status":"closed","ping_status":"closed","sticky":false,"template":"","format":"standard","meta":[],"categories":[3839,7186,7182,7188,5951],"tags":[6009,1911,5664],"_links":{"self":[{"href":"http:\/\/desarrollo.grupomedios.com\/futbol\/wp-json\/wp\/v2\/posts\/415673"}],"collection":[{"href":"http:\/\/desarrollo.grupomedios.com\/futbol\/wp-json\/wp\/v2\/posts"}],"about":[{"href":"http:\/\/desarrollo.grupomedios.com\/futbol\/wp-json\/wp\/v2\/types\/post"}],"author":[{"embeddable":true,"href":"http:\/\/desarrollo.grupomedios.com\/futbol\/wp-json\/wp\/v2\/users\/20"}],"replies":[{"embeddable":true,"href":"http:\/\/desarrollo.grupomedios.com\/futbol\/wp-json\/wp\/v2\/comments?post=415673"}],"version-history":[{"count":0,"href":"http:\/\/desarrollo.grupomedios.com\/futbol\/wp-json\/wp\/v2\/posts\/415673\/revisions"}],"wp:featuredmedia":[{"embeddable":true,"href":"http:\/\/desarrollo.grupomedios.com\/futbol\/wp-json\/wp\/v2\/media\/415693"}],"wp:attachment":[{"href":"http:\/\/desarrollo.grupomedios.com\/futbol\/wp-json\/wp\/v2\/media?parent=415673"}],"wp:term":[{"taxonomy":"category","embeddable":true,"href":"http:\/\/desarrollo.grupomedios.com\/futbol\/wp-json\/wp\/v2\/categories?post=415673"},{"taxonomy":"post_tag","embeddable":true,"href":"http:\/\/desarrollo.grupomedios.com\/futbol\/wp-json\/wp\/v2\/tags?post=415673"}],"curies":[{"name":"wp","href":"https:\/\/api.w.org\/{rel}","templated":true}]}}