{"id":415674,"date":"2016-08-04T16:09:19","date_gmt":"2016-08-04T21:09:19","guid":{"rendered":"http:\/\/www.futboltotal.com.mx\/?p=415674"},"modified":"2016-08-04T16:09:19","modified_gmt":"2016-08-04T21:09:19","slug":"atletas-bellas-los-juegos-olimpicos-rio-janeiro-2016","status":"publish","type":"post","link":"http:\/\/desarrollo.grupomedios.com\/futbol\/galerias\/atletas-bellas-los-juegos-olimpicos-rio-janeiro-2016\/2016\/08","title":{"rendered":"Atletas m\u00e1s bellas de los Juegos Ol\u00edmpicos"},"content":{"rendered":"<p>Los <strong>Juegos Ol\u00edmpicos de R\u00edo de Janeiro 2016<\/strong>, comienzan oficialmente este viernes 5 de agosto, por eso, para aquellos que no les atrae esta justa lo suficiente, tenemos una motivaci\u00f3n para que sigan la agenda de olimpiadas que ofrece Brasil; se trata de una galer\u00eda de las <strong>atletas m\u00e1s bellas<\/strong> de distintas disciplinas de la competencia.<\/p>\n<p style=\"text-align: center;\"><span style=\"color: #3366ff;\"><a style=\"color: #3366ff;\" href=\"http:\/\/www.futboltotal.com.mx\/2016\/08\/en-vivo-mexico-vs-alemania-juegos-olimpicos\/\" target=\"_blank\"><strong>LEER M\u00c1S: El primer juego del TRI Ol\u00edmpico<\/strong><\/a><\/span><\/p>\n<div id=\"galleryJ9L\" style=\"display:none;\"><img alt=\"Alex Morgan | Estados Unidos |\u00a0Futbol | 27 a\u00f1os\" src=\"http:\/\/desarrollo.grupomedios.com\/futbol\/wp-content\/uploads\/2016\/08\/atletas-mas-bellas-alex-morgan.jpg\" data-image=\"http:\/\/desarrollo.grupomedios.com\/futbol\/wp-content\/uploads\/2016\/08\/atletas-mas-bellas-alex-morgan.jpg\" data-description=\"atletas-mas-bellas-alex-morgan\"><img alt=\"Ana Ivanovic | Serbia | Tenis |\u00a028 a\u00f1os\" src=\"http:\/\/desarrollo.grupomedios.com\/futbol\/wp-content\/uploads\/2016\/08\/atletas-mas-bellas-ana-ivanovic.jpg\" data-image=\"http:\/\/desarrollo.grupomedios.com\/futbol\/wp-content\/uploads\/2016\/08\/atletas-mas-bellas-ana-ivanovic.jpg\" data-description=\"atletas-mas-bellas-ana-ivanovic\"><img alt=\"Caroline Wozniacki | Dinamarca |\u00a0Tenis | 26 a\u00f1os\" src=\"http:\/\/desarrollo.grupomedios.com\/futbol\/wp-content\/uploads\/2016\/08\/atletas-mas-bellas-caroline-wozniacki.jpg\" data-image=\"http:\/\/desarrollo.grupomedios.com\/futbol\/wp-content\/uploads\/2016\/08\/atletas-mas-bellas-caroline-wozniacki.jpg\" data-description=\"atletas-mas-bellas-caroline-wozniacki\"><img alt=\"Darya Klishina | Rusia | Salto de Longitud | 25 a\u00f1os\" src=\"http:\/\/desarrollo.grupomedios.com\/futbol\/wp-content\/uploads\/2016\/08\/atletas-mas-bellas-darya-klishina.jpg\" data-image=\"http:\/\/desarrollo.grupomedios.com\/futbol\/wp-content\/uploads\/2016\/08\/atletas-mas-bellas-darya-klishina.jpg\" data-description=\"atletas-mas-bellas-darya-klishina\"><img alt=\"Ellen Hoog | Holanda | Hockey sobre c\u00e9sped | 30 a\u00f1os\" src=\"http:\/\/desarrollo.grupomedios.com\/futbol\/wp-content\/uploads\/2016\/08\/atletas-mas-bellas-ellen-hoog.jpg\" data-image=\"http:\/\/desarrollo.grupomedios.com\/futbol\/wp-content\/uploads\/2016\/08\/atletas-mas-bellas-ellen-hoog.jpg\" data-description=\"atletas-mas-bellas-ellen-hoog\"><img alt=\"Eugenie Bouchard | Canad\u00e1 | Tenis | 22 a\u00f1os\" src=\"http:\/\/desarrollo.grupomedios.com\/futbol\/wp-content\/uploads\/2016\/08\/atletas-mas-bellas-eugenie-bouchard.jpg\" data-image=\"http:\/\/desarrollo.grupomedios.com\/futbol\/wp-content\/uploads\/2016\/08\/atletas-mas-bellas-eugenie-bouchard.jpg\" data-description=\"atletas-mas-bellas-eugenie-bouchard\"><img alt=\"Isabel Swan |\u00a0Brasil | Vela | 32 a\u00f1os\" src=\"http:\/\/desarrollo.grupomedios.com\/futbol\/wp-content\/uploads\/2016\/08\/atletas-mas-bellas-isabel-swan.jpg\" data-image=\"http:\/\/desarrollo.grupomedios.com\/futbol\/wp-content\/uploads\/2016\/08\/atletas-mas-bellas-isabel-swan.jpg\" data-description=\"atletas-mas-bellas-isabel-swan\"><img alt=\"Jade Barbosa |\u00a0Brasil | Gimnasia art\u00edstica | 25 a\u00f1os\" src=\"http:\/\/desarrollo.grupomedios.com\/futbol\/wp-content\/uploads\/2016\/08\/atletas-mas-bellas-jade-barbosa.jpg\" data-image=\"http:\/\/desarrollo.grupomedios.com\/futbol\/wp-content\/uploads\/2016\/08\/atletas-mas-bellas-jade-barbosa.jpg\" data-description=\"atletas-mas-bellas-jade-barbosa\"><img alt=\"Nat\u00e1lia Gaudio | Brasil | Gimnasia r\u00edtmica | 23 a\u00f1os\" src=\"http:\/\/desarrollo.grupomedios.com\/futbol\/wp-content\/uploads\/2016\/08\/atletas-mas-bellas-natalia-gaudio.jpg\" data-image=\"http:\/\/desarrollo.grupomedios.com\/futbol\/wp-content\/uploads\/2016\/08\/atletas-mas-bellas-natalia-gaudio.jpg\" data-description=\"atletas-mas-bellas-natalia-gaudio\"><img alt=\"Paola Espinosa |\u00a0M\u00e9xico | Clavados |\u00a029 a\u00f1os\" src=\"http:\/\/desarrollo.grupomedios.com\/futbol\/wp-content\/uploads\/2016\/08\/crean-app-para-que-atletas-liguen-en-rio_opt.jpg\" data-image=\"http:\/\/desarrollo.grupomedios.com\/futbol\/wp-content\/uploads\/2016\/08\/crean-app-para-que-atletas-liguen-en-rio_opt.jpg\" data-description=\"crean-app-para-que-atletas-liguen-en-rio_opt\"><\/div>\n        <script>\n        \/\/galeria 1\n        jQuery(document).ready(function(){ \n            var api;\n            api = jQuery(\"#galleryJ9L\").unitegallery({\n                carousel_autoplay: false\n            }); \n        });\n        <\/script>\n        \n","protected":false},"excerpt":{"rendered":"<p>Estas son las deportistas que seguro esperas ver<\/p>\n","protected":false},"author":20,"featured_media":415687,"comment_status":"closed","ping_status":"closed","sticky":false,"template":"","format":"standard","meta":[],"categories":[7187,6408,5422,3,7182],"tags":[2033,1911],"_links":{"self":[{"href":"http:\/\/desarrollo.grupomedios.com\/futbol\/wp-json\/wp\/v2\/posts\/415674"}],"collection":[{"href":"http:\/\/desarrollo.grupomedios.com\/futbol\/wp-json\/wp\/v2\/posts"}],"about":[{"href":"http:\/\/desarrollo.grupomedios.com\/futbol\/wp-json\/wp\/v2\/types\/post"}],"author":[{"embeddable":true,"href":"http:\/\/desarrollo.grupomedios.com\/futbol\/wp-json\/wp\/v2\/users\/20"}],"replies":[{"embeddable":true,"href":"http:\/\/desarrollo.grupomedios.com\/futbol\/wp-json\/wp\/v2\/comments?post=415674"}],"version-history":[{"count":0,"href":"http:\/\/desarrollo.grupomedios.com\/futbol\/wp-json\/wp\/v2\/posts\/415674\/revisions"}],"wp:featuredmedia":[{"embeddable":true,"href":"http:\/\/desarrollo.grupomedios.com\/futbol\/wp-json\/wp\/v2\/media\/415687"}],"wp:attachment":[{"href":"http:\/\/desarrollo.grupomedios.com\/futbol\/wp-json\/wp\/v2\/media?parent=415674"}],"wp:term":[{"taxonomy":"category","embeddable":true,"href":"http:\/\/desarrollo.grupomedios.com\/futbol\/wp-json\/wp\/v2\/categories?post=415674"},{"taxonomy":"post_tag","embeddable":true,"href":"http:\/\/desarrollo.grupomedios.com\/futbol\/wp-json\/wp\/v2\/tags?post=415674"}],"curies":[{"name":"wp","href":"https:\/\/api.w.org\/{rel}","templated":true}]}}