{"id":415704,"date":"2016-08-04T16:29:22","date_gmt":"2016-08-04T21:29:22","guid":{"rendered":"http:\/\/www.futboltotal.com.mx\/?p=415704"},"modified":"2016-08-04T16:33:59","modified_gmt":"2016-08-04T21:33:59","slug":"chicharito-felicita-a-oribe-tras-gol-olimpico","status":"publish","type":"post","link":"http:\/\/desarrollo.grupomedios.com\/futbol\/futbol-mexicano\/chicharito-felicita-a-oribe-tras-gol-olimpico\/2016\/08","title":{"rendered":"Chicharito felicita a Oribe tras gol Ol\u00edmpico"},"content":{"rendered":"<p>El primer gol de la <a href=\"http:\/\/www.futboltotal.com.mx\/futbol-mexicano\/seleccion-mexicana\/\" target=\"_blank\"><strong>Selecci\u00f3n Mexicana Sub-23<\/strong><\/a> en los <strong>Juegos Ol\u00edmpicos de R\u00edo de Janeiro 2016<\/strong>, lo hizo <strong>Oribe Peralta<\/strong> al minuto 51 del juego ante Alemania, que tambi\u00e9n fue el tanto con el que se abri\u00f3 el marcador de dicho partido.<\/p>\n<p>M\u00e9xico tom\u00f3 la delantera en el marcador de ese encuentro, y el gol de <strong>Oribe Peralta<\/strong> retumb\u00f3 en varias latitudes; entre ellas, Alemania, donde <strong>Javier el Chicharito Hern\u00e1ndez<\/strong> se encontraba viendo el partido, para apoyar al <em>TRI<\/em>.<\/p>\n<p style=\"text-align: center;\"><span style=\"color: #3366ff;\"><a style=\"color: #3366ff;\" href=\"http:\/\/www.futboltotal.com.mx\/2016\/08\/en-vivo-mexico-vs-alemania-juegos-olimpicos\/\" target=\"_blank\"><strong>LEER M\u00c1S: \u00a1Partidazo entre aztecas y teutones!<\/strong><\/a><\/span><\/p>\n<blockquote class=\"twitter-tweet\" data-lang=\"es\">\n<p dir=\"ltr\" lang=\"es\">Vamos M\u00e9xico! Papadopoulos tambien apoya a M\u00e9xico!<br \/>\nCome on Mexico! Papadopoulos support Mexico as well! <a href=\"https:\/\/t.co\/lIoUqLm2Iy\">pic.twitter.com\/lIoUqLm2Iy<\/a><\/p>\n<p>\u2014 Chicharito Hernandez (@CH14_) <a href=\"https:\/\/twitter.com\/CH14_\/status\/761293589804711936\">4 de agosto de 2016<\/a><\/p><\/blockquote>\n<p><script src=\"\/\/platform.twitter.com\/widgets.js\" async=\"\" charset=\"utf-8\"><\/script><\/p>\n<p>Tras el tanto de <strong>Oribe Peralta<\/strong>, <strong>Chicharito<\/strong> envi\u00f3 un tweet en el que aplaud\u00eda la <em>Hermosa anotaci\u00f3n,<\/em> al tiempo en que mandaba \u00e1nimos al capit\u00e1n del <em>TRI<\/em> Ol\u00edmpico.<\/p>\n<blockquote class=\"twitter-tweet\" data-lang=\"es\"><p>\nVamos <a href=\"https:\/\/twitter.com\/OribePeralta\">@OribePeralta<\/a> !!!<\/p>\n<p>\u2014 Chicharito Hernandez (@CH14_) <a href=\"https:\/\/twitter.com\/CH14_\/status\/761308286008356869\">4 de agosto de 2016<\/a>\n<\/p><\/blockquote>\n<p><script src=\"\/\/platform.twitter.com\/widgets.js\" async=\"\" charset=\"utf-8\"><\/script><\/p>\n<blockquote class=\"twitter-tweet\" data-lang=\"es\">\n<p dir=\"ltr\" lang=\"es\">\u00a1Aplauuuuuuusos para <a href=\"https:\/\/twitter.com\/OribePeralta\">@OribePeralta<\/a>!<\/p>\n<p>\u00a1Vamos con todo, <a href=\"https:\/\/twitter.com\/hashtag\/Incondicionales?src=hash\">#Incondicionales<\/a>! <a href=\"https:\/\/twitter.com\/hashtag\/SomosM%C3%A9xico?src=hash\">#SomosM\u00e9xico<\/a><\/p>\n<p>\u2014 Selecci\u00f3n Nacional (@miseleccionmx) <a href=\"https:\/\/twitter.com\/miseleccionmx\/status\/761313587839184896\">4 de agosto de 2016<\/a><\/p><\/blockquote>\n<p><script src=\"\/\/platform.twitter.com\/widgets.js\" async=\"\" charset=\"utf-8\"><\/script><\/p>\n","protected":false},"excerpt":{"rendered":"<p>Javier Hern\u00e1ndez apoy\u00f3 desde Alemania al TRI y a Peralta<\/p>\n","protected":false},"author":20,"featured_media":415707,"comment_status":"closed","ping_status":"closed","sticky":false,"template":"","format":"standard","meta":[],"categories":[7269,2198,7186,7182,3847,5950],"tags":[120,1911,62],"_links":{"self":[{"href":"http:\/\/desarrollo.grupomedios.com\/futbol\/wp-json\/wp\/v2\/posts\/415704"}],"collection":[{"href":"http:\/\/desarrollo.grupomedios.com\/futbol\/wp-json\/wp\/v2\/posts"}],"about":[{"href":"http:\/\/desarrollo.grupomedios.com\/futbol\/wp-json\/wp\/v2\/types\/post"}],"author":[{"embeddable":true,"href":"http:\/\/desarrollo.grupomedios.com\/futbol\/wp-json\/wp\/v2\/users\/20"}],"replies":[{"embeddable":true,"href":"http:\/\/desarrollo.grupomedios.com\/futbol\/wp-json\/wp\/v2\/comments?post=415704"}],"version-history":[{"count":0,"href":"http:\/\/desarrollo.grupomedios.com\/futbol\/wp-json\/wp\/v2\/posts\/415704\/revisions"}],"wp:featuredmedia":[{"embeddable":true,"href":"http:\/\/desarrollo.grupomedios.com\/futbol\/wp-json\/wp\/v2\/media\/415707"}],"wp:attachment":[{"href":"http:\/\/desarrollo.grupomedios.com\/futbol\/wp-json\/wp\/v2\/media?parent=415704"}],"wp:term":[{"taxonomy":"category","embeddable":true,"href":"http:\/\/desarrollo.grupomedios.com\/futbol\/wp-json\/wp\/v2\/categories?post=415704"},{"taxonomy":"post_tag","embeddable":true,"href":"http:\/\/desarrollo.grupomedios.com\/futbol\/wp-json\/wp\/v2\/tags?post=415704"}],"curies":[{"name":"wp","href":"https:\/\/api.w.org\/{rel}","templated":true}]}}