{"id":415730,"date":"2016-08-04T17:25:35","date_gmt":"2016-08-04T22:25:35","guid":{"rendered":"http:\/\/www.futboltotal.com.mx\/?p=415730"},"modified":"2016-08-04T17:26:07","modified_gmt":"2016-08-04T22:26:07","slug":"potro-a-mexico-le-falto-concentracion","status":"publish","type":"post","link":"http:\/\/desarrollo.grupomedios.com\/futbol\/destacado-home\/potro-a-mexico-le-falto-concentracion\/2016\/08","title":{"rendered":"Para el Potro, a M\u00e9xico le falt\u00f3 concentraci\u00f3n"},"content":{"rendered":"<p>Luego de que<strong> M\u00e9xico<\/strong> empatara 2-2 ante Alemania en su debut en los Juegos Ol\u00edmpicos de R\u00edo 2016, el t\u00e9cnico del <em>Tricolor,<\/em> <strong>Ra\u00fal Guti\u00e9rrez<\/strong>, consider\u00f3 que pudieron haber ganado el partido si hubieran sido m\u00e1s certeros.<\/p>\n<p>&#8220;Debemos tener m\u00e1s concentraci\u00f3n tener m\u00e1s y apretar m\u00e1s la marca en la defensa. Creo que de repente nos descontrolamos y eso al final nos cost\u00f3 el empate&#8221;, coment\u00f3 el <strong><em>Potro<\/em><\/strong>.<\/p>\n<blockquote class=\"twitter-tweet\" data-lang=\"es\">\n<p dir=\"ltr\" lang=\"en\">MATCH REPORT: <a href=\"https:\/\/twitter.com\/hashtag\/GER?src=hash\">#GER<\/a> twice came from behind to earn a point against 2012 winners <a href=\"https:\/\/twitter.com\/hashtag\/Mex?src=hash\">#Mex<\/a><a href=\"https:\/\/t.co\/o91xKIoKng\">https:\/\/t.co\/o91xKIoKng<\/a> <a href=\"https:\/\/t.co\/AjFpAw7nVQ\">pic.twitter.com\/AjFpAw7nVQ<\/a><\/p>\n<p>\u2014 FIFA.com (@FIFAcom) <a href=\"https:\/\/twitter.com\/FIFAcom\/status\/761324374326673408\">4 de agosto de 2016<\/a><\/p><\/blockquote>\n<p><script src=\"\/\/platform.twitter.com\/widgets.js\" async=\"\" charset=\"utf-8\"><\/script><\/p>\n<p>El timonel de la Selecci\u00f3n Mexicana tambi\u00e9n habl\u00f3 sobre la salida de Oribe Peralta, descartando alguna posible lesi\u00f3n en el delantero mexicano. &#8220;\u00c9l estaba un poco cargado y un poco cansado,&#8221; coment\u00f3. A pesar del empate, el <em>Potro<\/em> consider\u00f3 que el\u00a0<em>Tri <\/em>mostr\u00f3 una buena cara. &#8220;Por momentos cuando el equipo se conecta puede jugar y todav\u00eda tener mejor opciones, \u00a0puede buscar las bandas y entregamos bien la pelota.&#8221;, expres\u00f3.<\/p>\n<p style=\"text-align: center;\"><span style=\"color: #3366ff;\"><a style=\"color: #3366ff;\" href=\"http:\/\/www.futboltotal.com.mx\/2016\/08\/chicharito-felicita-a-oribe-tras-gol-olimpico\/\" target=\"_blank\">LEER M\u00c1S: CHICHARITO FELICITA A ORIBE TRAS GOL OL\u00cdMPICO<\/a><\/span><\/p>\n<p>Uno de los que confirm\u00f3 el buen trabajo de <strong>M\u00e9xico<\/strong> fue Rodolfo Pizarro. El jugador de Pachuca confes\u00f3 que: &#8220;cuando nos conectamos todos, creo que somos superiores. \u00a0Falta tener m\u00e1s manejo del partido, tuvimos opciones para matar y liquidar el partido, pero creo que jugamos un buen partido y ganamos un buen\u00a0punto&#8221;, expres\u00f3 Pizarro en entrevista con ESPN.<\/p>\n","protected":false},"excerpt":{"rendered":"<p>El Potro elogi\u00f3 la forma en que movieron el bal\u00f3n<\/p>\n","protected":false},"author":20,"featured_media":415744,"comment_status":"closed","ping_status":"closed","sticky":false,"template":"","format":"standard","meta":[],"categories":[5,2198,3847],"tags":[1911,5979],"_links":{"self":[{"href":"http:\/\/desarrollo.grupomedios.com\/futbol\/wp-json\/wp\/v2\/posts\/415730"}],"collection":[{"href":"http:\/\/desarrollo.grupomedios.com\/futbol\/wp-json\/wp\/v2\/posts"}],"about":[{"href":"http:\/\/desarrollo.grupomedios.com\/futbol\/wp-json\/wp\/v2\/types\/post"}],"author":[{"embeddable":true,"href":"http:\/\/desarrollo.grupomedios.com\/futbol\/wp-json\/wp\/v2\/users\/20"}],"replies":[{"embeddable":true,"href":"http:\/\/desarrollo.grupomedios.com\/futbol\/wp-json\/wp\/v2\/comments?post=415730"}],"version-history":[{"count":0,"href":"http:\/\/desarrollo.grupomedios.com\/futbol\/wp-json\/wp\/v2\/posts\/415730\/revisions"}],"wp:featuredmedia":[{"embeddable":true,"href":"http:\/\/desarrollo.grupomedios.com\/futbol\/wp-json\/wp\/v2\/media\/415744"}],"wp:attachment":[{"href":"http:\/\/desarrollo.grupomedios.com\/futbol\/wp-json\/wp\/v2\/media?parent=415730"}],"wp:term":[{"taxonomy":"category","embeddable":true,"href":"http:\/\/desarrollo.grupomedios.com\/futbol\/wp-json\/wp\/v2\/categories?post=415730"},{"taxonomy":"post_tag","embeddable":true,"href":"http:\/\/desarrollo.grupomedios.com\/futbol\/wp-json\/wp\/v2\/tags?post=415730"}],"curies":[{"name":"wp","href":"https:\/\/api.w.org\/{rel}","templated":true}]}}