{"id":415735,"date":"2016-08-05T09:52:32","date_gmt":"2016-08-05T14:52:32","guid":{"rendered":"http:\/\/www.futboltotal.com.mx\/?p=415735"},"modified":"2016-08-05T09:53:14","modified_gmt":"2016-08-05T14:53:14","slug":"las-esperanzas-medallero-mexicano","status":"publish","type":"post","link":"http:\/\/desarrollo.grupomedios.com\/futbol\/videos\/las-esperanzas-medallero-mexicano\/2016\/08","title":{"rendered":"Las esperanzas para el medallero mexicano"},"content":{"rendered":"<p>Aunque la prensa internacional considera que <strong>M\u00e9xico<\/strong> s\u00f3lo ganar\u00e1 dos medallas en los <a href=\"http:\/\/www.futboltotal.com.mx\/juegos-olimpicos-2016\/\" target=\"_blank\"><strong>Juegos Ol\u00edmpicos<\/strong><\/a>, la delegaci\u00f3n emprender\u00e1 su traves\u00eda en R\u00edo de Janeiro donde llega con la ilusi\u00f3n de traer la mayor cantidad de preseas. Si bien, hay m\u00e1s de un centenar de atletas nacionales, son estas las esperanzas para la justa mundial.<\/p>\n<p>[video_player]https:\/\/player.vimeo.com\/external\/177618699.sd.mp4?s=d0d51c63460fd77998769c4217305c288af9a87d&amp;profile_id=165[\/video_player]<\/p>\n","protected":false},"excerpt":{"rendered":"<p>Estos atletas ilusionan con una presea<\/p>\n","protected":false},"author":20,"featured_media":415736,"comment_status":"closed","ping_status":"closed","sticky":false,"template":"","format":"standard","meta":[],"categories":[7269,5,7182,7188,4],"tags":[1911,5664],"_links":{"self":[{"href":"http:\/\/desarrollo.grupomedios.com\/futbol\/wp-json\/wp\/v2\/posts\/415735"}],"collection":[{"href":"http:\/\/desarrollo.grupomedios.com\/futbol\/wp-json\/wp\/v2\/posts"}],"about":[{"href":"http:\/\/desarrollo.grupomedios.com\/futbol\/wp-json\/wp\/v2\/types\/post"}],"author":[{"embeddable":true,"href":"http:\/\/desarrollo.grupomedios.com\/futbol\/wp-json\/wp\/v2\/users\/20"}],"replies":[{"embeddable":true,"href":"http:\/\/desarrollo.grupomedios.com\/futbol\/wp-json\/wp\/v2\/comments?post=415735"}],"version-history":[{"count":0,"href":"http:\/\/desarrollo.grupomedios.com\/futbol\/wp-json\/wp\/v2\/posts\/415735\/revisions"}],"wp:featuredmedia":[{"embeddable":true,"href":"http:\/\/desarrollo.grupomedios.com\/futbol\/wp-json\/wp\/v2\/media\/415736"}],"wp:attachment":[{"href":"http:\/\/desarrollo.grupomedios.com\/futbol\/wp-json\/wp\/v2\/media?parent=415735"}],"wp:term":[{"taxonomy":"category","embeddable":true,"href":"http:\/\/desarrollo.grupomedios.com\/futbol\/wp-json\/wp\/v2\/categories?post=415735"},{"taxonomy":"post_tag","embeddable":true,"href":"http:\/\/desarrollo.grupomedios.com\/futbol\/wp-json\/wp\/v2\/tags?post=415735"}],"curies":[{"name":"wp","href":"https:\/\/api.w.org\/{rel}","templated":true}]}}