{"id":415797,"date":"2016-08-04T19:48:15","date_gmt":"2016-08-05T00:48:15","guid":{"rendered":"http:\/\/www.futboltotal.com.mx\/?p=415797"},"modified":"2016-08-04T19:48:15","modified_gmt":"2016-08-05T00:48:15","slug":"dorlan-pabon-rescata-empate-colombia","status":"publish","type":"post","link":"http:\/\/desarrollo.grupomedios.com\/futbol\/futbol-internacional\/dorlan-pabon-rescata-empate-colombia\/2016\/08","title":{"rendered":"Dorlan Pab\u00f3n rescata empate para Colombia"},"content":{"rendered":"<p><strong>Colombia<\/strong> retorn\u00f3 a los <a href=\"http:\/\/www.futboltotal.com.mx\/juegos-olimpicos-2016\/\" target=\"_blank\"><strong>Juegos Ol\u00edmpicos<\/strong><\/a> 24 a\u00f1os despu\u00e9s de su \u00faltima presencia con un empate a dos en Manaos ante <strong>Suecia<\/strong> en un complicado estreno en R\u00edo 2016 en el que al menos salv\u00f3 un empate gracias a Te\u00f3filo Guti\u00e9rrez y <strong>Dorlan Pab\u00f3n<\/strong>.<\/p>\n<p>El siempre complicado debut pod\u00eda haber sido mejor pero tambi\u00e9n peor para <strong>Colombia<\/strong>. El cuadro <em>cafetero<\/em>, que comenz\u00f3 bien, sufri\u00f3 la remontada y la reacci\u00f3n de los suecos y tuvo el partido muy cuesta arriba. Un punto, gracias a los tantos de <em>Teo<\/em> y Dorlan, puede ser bueno a falta de los partidos ante Jap\u00f3n y Nigeria.<\/p>\n<blockquote class=\"twitter-tweet\" data-lang=\"es\">\n<p dir=\"ltr\" lang=\"es\">As\u00ed inici\u00f3 el camino de nuestra Selecci\u00f3n en <a href=\"https:\/\/twitter.com\/hashtag\/Rio2016?src=hash\">#Rio2016<\/a>. Dif\u00edcil encuentro. Ahora a pensar en <a href=\"https:\/\/twitter.com\/hashtag\/JPN?src=hash\">#JPN<\/a>. <a href=\"https:\/\/t.co\/EcNEY1qu4a\">pic.twitter.com\/EcNEY1qu4a<\/a><\/p>\n<p>\u2014 Selecci\u00f3n Colombia (@FCFSeleccionCol) <a href=\"https:\/\/twitter.com\/FCFSeleccionCol\/status\/761349492784398336\">4 de agosto de 2016<\/a><\/p><\/blockquote>\n<p><script src=\"\/\/platform.twitter.com\/widgets.js\" async=\"\" charset=\"utf-8\"><\/script><\/p>\n<p>Los colombianos, que como los suecos no participaban en unos Juegos desde Barcelona&#8217;92, deber\u00e1n esperar para ganar un partido ol\u00edmpico. No lo hacen desde que vencieron en Mosc\u00fa&#8217;80 a Nigeria (1-0).<\/p>\n<p>Todo lo que eran buenos pronunciamientos y optimismo con un inicio esperanzador se transform\u00f3 en dificultad e incapacidad colectiva para evitar que el cuadro n\u00f3rdico remontara el choque.<\/p>\n<p><strong>Colombia<\/strong> comenz\u00f3 mejor al resguardo de la velocidad de<strong> Dorlan Pab\u00f3n<\/strong>, jugador del Monterrey mexicano que milit\u00f3 entre otros equipos en el Betis y el Valencia espa\u00f1oles, y la jerarqu\u00eda de su estilete ofensivo y capit\u00e1n.<\/p>\n<blockquote class=\"twitter-tweet\" data-lang=\"es\"><p>\n<a href=\"https:\/\/twitter.com\/hashtag\/SWEvsCOL?src=hash\">#SWEvsCOL<\/a> Min 78: Con gol de Pab\u00f3n en el 75&#8242;, Colombia iguala a 2 con Suecia en Manaos. Vamos por la victoria. <a href=\"https:\/\/t.co\/si7Dn8Gr9S\">pic.twitter.com\/si7Dn8Gr9S<\/a><\/p>\n<p>\u2014 Selecci\u00f3n Colombia (@FCFSeleccionCol) <a href=\"https:\/\/twitter.com\/FCFSeleccionCol\/status\/761345147040923648\">4 de agosto de 2016<\/a>\n<\/p><\/blockquote>\n<p><script src=\"\/\/platform.twitter.com\/widgets.js\" async=\"\" charset=\"utf-8\"><\/script><\/p>\n<p>Entre ambos fabricaron a los 17 minutos el primer tanto del partido. Pab\u00f3n sirvi\u00f3 a Teo Guti\u00e9rrez con rapidez y precisi\u00f3n super\u00f3 a Andreas Linde.<\/p>\n<p>Pero <strong>Suecia<\/strong>, campeona ol\u00edmpica en Londres&#8217;48, poco a poco se desperez\u00f3. Arrebat\u00f3 poco a poco el bal\u00f3n a <strong>Colombia<\/strong> y comenz\u00f3 a crecer, mientras que el cuadro tricolor empez\u00f3 a crecer y Cristian Bonilla apareci\u00f3 m\u00e1s de la cuenta.<\/p>\n<p>En cambio el portero el cuadro de Carlos Alberto Restrepo no pudo evitar que las tablas llegaran poco antes del intermedio con un zapatazo desde fuera del \u00e1rea de Mikael Ishak que entr\u00f3 por su escuadra derecha.<\/p>\n<p>&nbsp;<\/p>\n<p>Ambos equipos pudieron desnivelar la balanza en los \u00faltimos minutos del partido, pero ambos guardametas lo impidieron y acabaron por &#8220;pactar&#8221; unas tablas que sin ser el mejor resultado puede ser bueno para ambos cuadros, aunque les obliga a no fallar en los dos restantes partidos de esta fase.<\/p>\n","protected":false},"excerpt":{"rendered":"<p>Los Cafeteros igualaron 2-2 con Suecia<\/p>\n","protected":false},"author":144,"featured_media":415802,"comment_status":"closed","ping_status":"closed","sticky":false,"template":"","format":"standard","meta":[],"categories":[3839,7186,7182],"tags":[1911,5664],"_links":{"self":[{"href":"http:\/\/desarrollo.grupomedios.com\/futbol\/wp-json\/wp\/v2\/posts\/415797"}],"collection":[{"href":"http:\/\/desarrollo.grupomedios.com\/futbol\/wp-json\/wp\/v2\/posts"}],"about":[{"href":"http:\/\/desarrollo.grupomedios.com\/futbol\/wp-json\/wp\/v2\/types\/post"}],"author":[{"embeddable":true,"href":"http:\/\/desarrollo.grupomedios.com\/futbol\/wp-json\/wp\/v2\/users\/144"}],"replies":[{"embeddable":true,"href":"http:\/\/desarrollo.grupomedios.com\/futbol\/wp-json\/wp\/v2\/comments?post=415797"}],"version-history":[{"count":0,"href":"http:\/\/desarrollo.grupomedios.com\/futbol\/wp-json\/wp\/v2\/posts\/415797\/revisions"}],"wp:featuredmedia":[{"embeddable":true,"href":"http:\/\/desarrollo.grupomedios.com\/futbol\/wp-json\/wp\/v2\/media\/415802"}],"wp:attachment":[{"href":"http:\/\/desarrollo.grupomedios.com\/futbol\/wp-json\/wp\/v2\/media?parent=415797"}],"wp:term":[{"taxonomy":"category","embeddable":true,"href":"http:\/\/desarrollo.grupomedios.com\/futbol\/wp-json\/wp\/v2\/categories?post=415797"},{"taxonomy":"post_tag","embeddable":true,"href":"http:\/\/desarrollo.grupomedios.com\/futbol\/wp-json\/wp\/v2\/tags?post=415797"}],"curies":[{"name":"wp","href":"https:\/\/api.w.org\/{rel}","templated":true}]}}