{"id":415829,"date":"2016-08-06T17:00:28","date_gmt":"2016-08-06T22:00:28","guid":{"rendered":"http:\/\/www.futboltotal.com.mx\/?p=415829"},"modified":"2016-08-06T19:48:46","modified_gmt":"2016-08-07T00:48:46","slug":"en-vivo-cruz-azul-vs-xolos-liga-mx","status":"publish","type":"post","link":"http:\/\/desarrollo.grupomedios.com\/futbol\/futbol-mexicano\/en-vivo-cruz-azul-vs-xolos-liga-mx\/2016\/08","title":{"rendered":"AS\u00cd SE VIVI\u00d3 | Cruz Azul 1-2 Xolos | Liga MX"},"content":{"rendered":"<p><span style=\"color: #ff0000;\">93:00 |<\/span>\u00a0FINAL del partido, el Cruz\u00a0Azul se lleva la derrota ante unos Xolos que no creen en nadie..<\/p>\n<p>&nbsp;<\/p>\n<blockquote class=\"twitter-tweet\" data-lang=\"en\">\n<p dir=\"ltr\" lang=\"es\">Final del partido \u00a1Triunfo Xoloitzcuintle! <a href=\"https:\/\/twitter.com\/Xolos\">@Xolos<\/a> supera 2-1 a <a href=\"https:\/\/twitter.com\/Cruz_Azul_FC\">@Cruz_Azul_FC<\/a>. J4 <a href=\"https:\/\/twitter.com\/LIGABancomerMX\">@LIGABancomerMX<\/a> <a href=\"https:\/\/twitter.com\/hashtag\/FuerzaTijuas?src=hash\">#FuerzaTijuas<\/a> <a href=\"https:\/\/t.co\/I9G1W26C5C\">pic.twitter.com\/I9G1W26C5C<\/a><\/p>\n<p>\u2014 Xolos (@Xolos) <a href=\"https:\/\/twitter.com\/Xolos\/status\/762074718220357632\">August 6, 2016<\/a><\/p><\/blockquote>\n<p><script src=\"\/\/platform.twitter.com\/widgets.js\" async=\"\" charset=\"utf-8\"><\/script><\/p>\n<p><span style=\"color: #ff0000;\">92:00 |<\/span>\u00a0Cruz Azul se va hasta con el portero al frente en la b\u00fasqueda del empate.<\/p>\n<p><span style=\"color: #ff0000;\">89:40 |<\/span>\u00a0AUTOGOOOL\u00a0\u00a0Juan Carlos Valenzuela no logra cortar un centro de Christian Gim\u00e9nez y el da vida al Cruz Azul 1-2.<\/p>\n<blockquote class=\"twitter-tweet\" data-lang=\"en\"><p>\n89&#8242; La M\u00e1quina acorta distancia. <a href=\"https:\/\/twitter.com\/Cruz_Azul_FC\">@Cruz_Azul_FC<\/a> 1-2 <a href=\"https:\/\/twitter.com\/Xolos\">@Xolos<\/a> \u00a1Vamos equipo! \u00a1Dale Azul! <a href=\"https:\/\/twitter.com\/hashtag\/AzulEsTodo?src=hash\">#AzulEsTodo<\/a> <a href=\"https:\/\/twitter.com\/hashtag\/PorLaEducaci%C3%B3n?src=hash\">#PorLaEducaci\u00f3n<\/a> <a href=\"https:\/\/t.co\/agohyYf7fm\">pic.twitter.com\/agohyYf7fm<\/a><\/p>\n<p>\u2014 CRUZ AZUL FC \u00ae (@Cruz_Azul_FC) <a href=\"https:\/\/twitter.com\/Cruz_Azul_FC\/status\/762074171056779265\">August 6, 2016<\/a>\n<\/p><\/blockquote>\n<p><script src=\"\/\/platform.twitter.com\/widgets.js\" async=\"\" charset=\"utf-8\"><\/script><\/p>\n<p><span style=\"color: #ff0000;\">87:00 |<\/span>\u00a0As\u00ed fue el 0-2 a favor de Xolos.<\/p>\n<blockquote class=\"twitter-tweet\" data-lang=\"en\"><p><a href=\"https:\/\/twitter.com\/hashtag\/PorSiNoLoViste?src=hash\">#PorSiNoLoViste<\/a> G\u26bd\u26bd\u26bdL de Dayro Moreno<a href=\"https:\/\/twitter.com\/Cruz_Azul_FC\">@Cruz_Azul_FC<\/a> 0-2 <a href=\"https:\/\/twitter.com\/Xolos\">@Xolos<\/a><a href=\"https:\/\/twitter.com\/hashtag\/J4AP2016?src=hash\">#J4AP2016<\/a> <a href=\"https:\/\/twitter.com\/hashtag\/LIGABancomerMX?src=hash\">#LIGABancomerMX<\/a><a href=\"https:\/\/twitter.com\/hashtag\/PorLaEducaci%C3%B3n?src=hash\">#PorLaEducaci\u00f3n<\/a> <a href=\"https:\/\/t.co\/BmHjZjoEA5\">pic.twitter.com\/BmHjZjoEA5<\/a><\/p>\n<p>\u2014 LIGA Bancomer MX (@LIGABancomerMX) <a href=\"https:\/\/twitter.com\/LIGABancomerMX\/status\/762070313593036800\">August 6, 2016<\/a><\/p><\/blockquote>\n<p><script src=\"\/\/platform.twitter.com\/widgets.js\" async=\"\" charset=\"utf-8\"><\/script><\/p>\n<p><span style=\"color: #ff0000;\">85:00 |<\/span>\u00a0Cambio de Tijuana, se va el autor del segundo gol, Dayro Moreno, para dar paso a que Juan Carlos Medina tenga minutos en el\u00a0Azul.<\/p>\n<p><span style=\"color: #ff0000;\">79:00 |<\/span>\u00a0Nuevo cambio de Cruz Azul, ahora es V\u00edctor Z\u00fa\u00f1iga\u00a0en lugar de V\u00edctor V\u00e1zquez, quien se va entre abucheos.<\/p>\n<p><span style=\"color: #ff0000;\">77:00 |<\/span>\u00a0Cambio de Cruz Azul, ingresa Christian Gim\u00e9nez en lugar de Joffre Guerr\u00f3n.<\/p>\n<p><span style=\"color: #ff0000;\">71:22 |<\/span>\u00a0GOLAZOOOOO Dayro Moreno entierra las esperanzas del Cruz Azul con un disparo de larga distancia que coloca pegado al poste derecho de Jes\u00fas Corona.<\/p>\n<p><span style=\"color: #ff0000;\">68:32 |<\/span>\u00a0Dayro Moreno intenta sorprender a Jes\u00fas Corona, pero el arquero del Cruz Azul reaccion\u00f3 a tiempo para desviar a tiro de esquina.<\/p>\n<p><span style=\"color: #ff0000;\">65:00 |<\/span>\u00a0Cruz Azul sigue preocupando a su afici\u00f3n, as\u00ed Joffre Guerr\u00f3n y as\u00ed todos sus seguidores.<br \/>\n <a href=\"http:\/\/www.futboltotal.com.mx\/wp-content\/uploads\/2016\/08\/Cruz-Azul-vs-Xolos-4.jpg\"><img decoding=\"async\" loading=\"lazy\" class=\"alignnone size-full wp-image-416114\" src=\"http:\/\/www.futboltotal.com.mx\/wp-content\/uploads\/2016\/08\/Cruz-Azul-vs-Xolos-4.jpg\" alt=\"Cruz-Azul-vs-Xolos-4\" srcset=\"http:\/\/desarrollo.grupomedios.com\/futbol\/wp-content\/uploads\/2016\/08\/Cruz-Azul-vs-Xolos-4.jpg 858w, http:\/\/desarrollo.grupomedios.com\/futbol\/wp-content\/uploads\/2016\/08\/Cruz-Azul-vs-Xolos-4-300x151.jpg 300w, http:\/\/desarrollo.grupomedios.com\/futbol\/wp-content\/uploads\/2016\/08\/Cruz-Azul-vs-Xolos-4-768x386.jpg 768w, http:\/\/desarrollo.grupomedios.com\/futbol\/wp-content\/uploads\/2016\/08\/Cruz-Azul-vs-Xolos-4-340x171.jpg 340w\" sizes=\"(max-width: 858px) 100vw, 858px\" \/><\/a><\/p>\n<p><span style=\"color: #ff0000;\">62:00 |<\/span>\u00a0CAMBIO de Cruz Azul, Ariel Rojas deja su lugar a Joao Rojas con el Cruz Azul.<\/p>\n<p><span style=\"color: #ff0000;\">59:38 |<\/span>\u00a0Ben\u00edtez se pierde otra oportunidad, ahora tras salir trompicado con el control del bal\u00f3n, pero no puede marcar gol.<\/p>\n<p><span style=\"color: #ff0000;\">56:50 |<\/span>\u00a0TARJETA ROJA para Juli\u00e1n Vel\u00e1zquez luego de un pol\u00e9mico contacto sobre Hauche, el \u00e1rbitro interpreta que le dio un codazo en la nuca al jugador de Xolos y lo expulsa por doble amarilla.<\/p>\n<p><span style=\"color: #ff0000;\">50:30 |<\/span>\u00a0Tarjeta Amarilla para el Gato Silva tras una dura falta por detr\u00e1s sobre Gabriel Hauche.<\/p>\n<p><span style=\"color: #ff0000;\">45:00 |<\/span>\u00a0Arranca la segunda mitad.<\/p>\n<p>As\u00ed fue la salvada de Corona que todav\u00eda tiene con vida al Cruz Azul en el encuentro.<\/p>\n<p>&nbsp;<\/p>\n<blockquote class=\"twitter-tweet\" data-lang=\"en\"><p>\n<a href=\"https:\/\/twitter.com\/hashtag\/PORTERO?src=hash\">#PORTERO<\/a> As\u00ed evit\u00f3 Corona el tiro de Malcorra <a href=\"https:\/\/twitter.com\/hashtag\/FuerzaTijuas?src=hash\">#FuerzaTijuas<\/a> <a href=\"https:\/\/t.co\/KMsMaNBbFq\">pic.twitter.com\/KMsMaNBbFq<\/a><\/p>\n<p>\u2014 Xolos (@Xolos) <a href=\"https:\/\/twitter.com\/Xolos\/status\/762060441430306816\">August 6, 2016<\/a>\n<\/p><\/blockquote>\n<p><script src=\"\/\/platform.twitter.com\/widgets.js\" async=\"\" charset=\"utf-8\"><\/script><\/p>\n<p><span style=\"color: #ff0000;\">45:00 + 03:00 |<\/span>\u00a0Finaliza la primera mitad con el triunfo parcial de los Xolos, Cruz Azul se va a los vestidores\u00a0entre abucheos de su propia afici\u00f3n.<\/p>\n<p><span style=\"color: #ff0000;\">45:00 |<\/span>\u00a0Se agregar\u00e1n 3 minutos.<\/p>\n<p><span style=\"color: #ff0000;\">43:00 |<\/span>\u00a0CERCAAAA el segundo de Xolos, disparo de Malcorra que ataja Jes\u00fas Corona estir\u00e1ndose al m\u00e1ximo.<\/p>\n<p><span style=\"color: #ff0000;\">42:00 |<\/span>\u00a0Tarjeta Amarilla para Juli\u00e1n Vel\u00e1zquez por una dura entrada cerca de mediocampo.<\/p>\n<p><span style=\"color: #ff0000;\">40:00 |<\/span>\u00a0\u00bfTe preguntabas si Miguel Herrera y Tom\u00e1s Boy se saludaron? Aqu\u00ed la respuesta.<\/p>\n<p><a href=\"http:\/\/www.futboltotal.com.mx\/wp-content\/uploads\/2016\/08\/Cruz-Azul-Xolos-2.jpg\"><img decoding=\"async\" loading=\"lazy\" class=\"alignnone size-full wp-image-416096\" src=\"http:\/\/www.futboltotal.com.mx\/wp-content\/uploads\/2016\/08\/Cruz-Azul-Xolos-2.jpg\" alt=\"Cruz-Azul-Xolos-2\" srcset=\"http:\/\/desarrollo.grupomedios.com\/futbol\/wp-content\/uploads\/2016\/08\/Cruz-Azul-Xolos-2.jpg 858w, http:\/\/desarrollo.grupomedios.com\/futbol\/wp-content\/uploads\/2016\/08\/Cruz-Azul-Xolos-2-300x151.jpg 300w, http:\/\/desarrollo.grupomedios.com\/futbol\/wp-content\/uploads\/2016\/08\/Cruz-Azul-Xolos-2-768x386.jpg 768w, http:\/\/desarrollo.grupomedios.com\/futbol\/wp-content\/uploads\/2016\/08\/Cruz-Azul-Xolos-2-340x171.jpg 340w\" sizes=\"(max-width: 858px) 100vw, 858px\" \/><\/a><\/p>\n<p><span style=\"color: #ff0000;\">38:00 |<\/span>\u00a0As\u00ed fue el gran gol para el 0-1 moment\u00e1neo.<\/p>\n<p>&nbsp;<\/p>\n<blockquote class=\"twitter-tweet\" data-lang=\"en\"><p>!!! GOLAZO! <a href=\"https:\/\/t.co\/nSF0spAcAB\">pic.twitter.com\/nSF0spAcAB<\/a><\/p>\n<p>\u2014 Xolos (@Xolos) <a href=\"https:\/\/twitter.com\/Xolos\/status\/762054467281747968\">August 6, 2016<\/a><\/p><\/blockquote>\n<p><script src=\"\/\/platform.twitter.com\/widgets.js\" async=\"\" charset=\"utf-8\"><\/script><\/p>\n<p><span style=\"color: #ff0000;\">36:14 |<\/span>\u00a0Incre\u00edble falla de Aldo Leao, tras un rebote en el \u00e1rea, ten\u00eda simplemente que empujar, pero el colombiano vol\u00f3 su disparo.<\/p>\n<p><span style=\"color: #ff0000;\">33:48 |<\/span>\u00a0Primera tarjeta amarilla del encuentro y fue para el autor del gol de Xolos. \u00a0Avil\u00e9s Hurtado ya est\u00e1 amonestado por una dura falta.<\/p>\n<p>&nbsp;<\/p>\n<blockquote class=\"twitter-tweet\" data-lang=\"en\"><p>\nGOOOLAZO de Avil\u00e9s Hurtado! <a href=\"https:\/\/t.co\/VgioLREgpe\">pic.twitter.com\/VgioLREgpe<\/a><\/p>\n<p>\u2014 Xolos (@Xolos) <a href=\"https:\/\/twitter.com\/Xolos\/status\/762053988833374209\">August 6, 2016<\/a>\n<\/p><\/blockquote>\n<p><script src=\"\/\/platform.twitter.com\/widgets.js\" async=\"\" charset=\"utf-8\"><\/script><\/p>\n<p><span style=\"color: #ff0000;\">32:30 |<\/span>\u00a0GOLAZOOOO de Xolos. Servicio medido de Dayro Moreno y\u00a0Avil\u00e9s Hurtado remata de manera espectacular.<\/p>\n<p><span style=\"color: #ff0000;\">30:00 |<\/span>\u00a0Gran servicio del Cata Dom\u00ednguez, pero el cabezazo de Aldrete sale sin fuerza a la colocaci\u00f3n de Vilar.<\/p>\n<p><span style=\"color: #ff0000;\">25:00 |<\/span>\u00a0La M\u00e1quina ya nivel\u00f3 las acciones y ahora luce m\u00e1s peligroso, aunque las m\u00e1s claras han sido de Xolos.<\/p>\n<p><span style=\"color: #ff0000;\">18:19 |<\/span>\u00a0CEEERCA El Cruz Azul, El Conejo Ben\u00edtez intenta tras una gran diagonal de Julio C\u00e9sar Dom\u00ednguez, pero su disparo sale muy por encima de la porter\u00eda de Federico Vilar.<\/p>\n<p><span style=\"color: #ff0000;\">14:00 |<\/span>\u00a0Luego de una serie de rebotes, Dayro Moreno saca un disparo machucado que encuentra refugio en las manos de Jes\u00fas Corona.<\/p>\n<p><span style=\"color: #ff0000;\">10:00 |<\/span>\u00a0Pasaron los primeros 10 minutos de juego y por primera vez Federico Vilar toca el esf\u00e9rico. Dominio celeste, pero mayores aproximaciones de los Xolos.<\/p>\n<p><span style=\"color: #ff0000;\">07:00 |<\/span>\u00a0Par de jugadas de peligro para Xolos, Avil\u00e9s Hurtado\u00a0con el desborde y centro para Dayro Moreno, pero buena cobertura celeste, posteriormente Caraglio intenta de nuevo, pero no prospera.<\/p>\n<p><span style=\"color: #ff0000;\">05:00 |<\/span>\u00a0Jugada dudosa sobre Ben\u00edtez en el \u00e1rea de Xolos, pero atinado el \u00e1rbitro Antonio P\u00e9rez Dur\u00e1n en dejar correr la jugada y no marcar penalti.<\/p>\n<p><span style=\"color: #ff0000;\">03:24 |<\/span>\u00a0Milton Caraglio lanza el primer disparo de la tarde, pero Jes\u00fas Corona sin problemas se queda con el bal\u00f3n.<\/p>\n<p><span style=\"color: #ff0000;\">01:00 |<\/span>\u00a0Primera dura falta del encuentro por parte de Xolos.<\/p>\n<p>En la\u00a0Sub20, gan\u00f3 La M\u00e1quina, \u00bfse repetir\u00e1 la dosis?<\/p>\n<p>&nbsp;<\/p>\n<blockquote class=\"twitter-tweet\" data-lang=\"en\"><p>Final del duel Sub20 en La Noria <a href=\"https:\/\/twitter.com\/Cruz_Azul_FC\">@Cruz_Azul_FC<\/a> 3-1 <a href=\"https:\/\/twitter.com\/Xolos\">@Xolos<\/a> <a href=\"https:\/\/twitter.com\/LIGABancomerMX\">@LIGABancomerMX<\/a> APE2016 F4<\/p>\n<p>\u2014 Xolos (@Xolos) <a href=\"https:\/\/twitter.com\/Xolos\/status\/761982503301230592\">August 6, 2016<\/a><\/p><\/blockquote>\n<p><script src=\"\/\/platform.twitter.com\/widgets.js\" async=\"\" charset=\"utf-8\"><\/script><\/p>\n<p><span style=\"color: #ff0000;\">00:00 |<\/span>\u00a0Arranca el encuentro en el Estadio Azul.<\/p>\n<p>As\u00ed arranca el Cruz Azul<\/p>\n<p>&nbsp;<\/p>\n<blockquote class=\"twitter-tweet\" data-lang=\"en\"><p>\nAs\u00ed sale <a href=\"https:\/\/twitter.com\/Cruz_Azul_FC\">@Cruz_Azul_FC<\/a> para su duelo de la jornada 4 del Apertura 2016. \u00a1Vamos equipo! \u00a1Dale Azul! <a href=\"https:\/\/twitter.com\/hashtag\/AzulEsTodo?src=hash\">#AzulEsTodo<\/a> <a href=\"https:\/\/t.co\/VfX3DQTNvC\">pic.twitter.com\/VfX3DQTNvC<\/a><\/p>\n<p>\u2014 CRUZ AZUL FC \u00ae (@Cruz_Azul_FC) <a href=\"https:\/\/twitter.com\/Cruz_Azul_FC\/status\/762045297899999232\">August 6, 2016<\/a>\n<\/p><\/blockquote>\n<p><script src=\"\/\/platform.twitter.com\/widgets.js\" async=\"\" charset=\"utf-8\"><\/script><\/p>\n<p>&nbsp;<\/p>\n<p>El estadio Azul comienza la cuenta regresiva de su historia con el <strong><a href=\"http:\/\/www.futboltotal.com.mx\/equipos\/cruz-azul\/\" target=\"_blank\">Cruz Azul<\/a> vs. <a href=\"http:\/\/www.futboltotal.com.mx\/equipos\/tijuana\/\" target=\"_blank\">Xolos<\/a><\/strong> de la jornada 4 del Apertura 2016, que dar\u00e1 inicio a las 17:00 horas. Ambas escuadras buscan la victoria, los locales para buscar ser protagonistas y ganar el t\u00edtulo de <strong>Liga MX<\/strong>, los visitantes, para mejorar su situaci\u00f3n porcentual.<\/p>\n<p><strong>Cruz Azul<\/strong> no ha ganado en el arranque del partido, por eso la presi\u00f3n ser\u00e1 m\u00e1s fuerte de lo normal, ya que un empate o derrota mantendr\u00e1n a la <em>M\u00e1quina<\/em> en los \u00faltimos puestos del certamen, adem\u00e1s de que el director t\u00e9cnico, Tom\u00e1s Boy, pondr\u00eda en duda su continuidad, ya que la directiva y afici\u00f3n celeste, no querr\u00e1n quedarse sin liguilla, por tercer torneo consecutivo.<\/p>\n<p>Mientras tanto el cuadro de <strong>Xolos<\/strong>, aunque pelear\u00e1 por no descender durante este ciclo futbol\u00edstico, llega motivado al estadio Azul, pues acaba de propinar una dolorosa derrota a uno de los grandes del futbol mexicano: Chivas, a quien gole\u00f3, por cuatro goles a cero.<\/p>\n<p>Ambos t\u00e9cnicos son pol\u00e9micos, por el car\u00e1cter que tienen y las constantes declaraciones que han dado acerca de diferentes tem\u00e1ticas, pero sobre todo, los pleitos que han tenido con diferentes personalidades relacionadas con el futbol, as\u00ed que, no se augura una bronca entre ellos, pero tampoco se descarta.<\/p>\n<p><strong>Cruz Azul vs. Xolos<\/strong>, \u00bfqui\u00e9n ganar\u00e1 este partido, cracks?<\/p>\n","protected":false},"excerpt":{"rendered":"<p>La M\u00e1quina quiere su primera victoria<\/p>\n","protected":false},"author":20,"featured_media":416102,"comment_status":"closed","ping_status":"closed","sticky":false,"template":"","format":"standard","meta":[],"categories":[2198,3845],"tags":[7304],"_links":{"self":[{"href":"http:\/\/desarrollo.grupomedios.com\/futbol\/wp-json\/wp\/v2\/posts\/415829"}],"collection":[{"href":"http:\/\/desarrollo.grupomedios.com\/futbol\/wp-json\/wp\/v2\/posts"}],"about":[{"href":"http:\/\/desarrollo.grupomedios.com\/futbol\/wp-json\/wp\/v2\/types\/post"}],"author":[{"embeddable":true,"href":"http:\/\/desarrollo.grupomedios.com\/futbol\/wp-json\/wp\/v2\/users\/20"}],"replies":[{"embeddable":true,"href":"http:\/\/desarrollo.grupomedios.com\/futbol\/wp-json\/wp\/v2\/comments?post=415829"}],"version-history":[{"count":0,"href":"http:\/\/desarrollo.grupomedios.com\/futbol\/wp-json\/wp\/v2\/posts\/415829\/revisions"}],"wp:featuredmedia":[{"embeddable":true,"href":"http:\/\/desarrollo.grupomedios.com\/futbol\/wp-json\/wp\/v2\/media\/416102"}],"wp:attachment":[{"href":"http:\/\/desarrollo.grupomedios.com\/futbol\/wp-json\/wp\/v2\/media?parent=415829"}],"wp:term":[{"taxonomy":"category","embeddable":true,"href":"http:\/\/desarrollo.grupomedios.com\/futbol\/wp-json\/wp\/v2\/categories?post=415829"},{"taxonomy":"post_tag","embeddable":true,"href":"http:\/\/desarrollo.grupomedios.com\/futbol\/wp-json\/wp\/v2\/tags?post=415829"}],"curies":[{"name":"wp","href":"https:\/\/api.w.org\/{rel}","templated":true}]}}