{"id":415840,"date":"2016-08-05T12:24:50","date_gmt":"2016-08-05T17:24:50","guid":{"rendered":"http:\/\/www.futboltotal.com.mx\/?p=415840"},"modified":"2016-08-05T12:37:39","modified_gmt":"2016-08-05T17:37:39","slug":"la-delegacion-mexicana-en-juegos-olimpicos-rio-janeiro-2016","status":"publish","type":"post","link":"http:\/\/desarrollo.grupomedios.com\/futbol\/destacado-home\/la-delegacion-mexicana-en-juegos-olimpicos-rio-janeiro-2016\/2016\/08","title":{"rendered":"La Delegaci\u00f3n Mexicana en Juegos Ol\u00edmpicos"},"content":{"rendered":"<p>Este viernes 5 de agosto, los <strong>Juegos Ol\u00edmpicos de R\u00edo de Janeiro<\/strong> dan inicio por fin, y en la justa deportiva m\u00e1s importante del planeta, se espera la participaci\u00f3n de 122 atletas mexicanos, al menos hasta ahora, es la cifra que dio la Comisi\u00f3n Nacional del Deporte, un par de d\u00edas antes del inicio de la competencia.<\/p>\n<p>Diversos medios han se\u00f1alado que s\u00f3lo se ganar\u00e1n, entre 2 y 10 medallas durante los <strong>Juegos Ol\u00edmpicos de R\u00edo de Janeiro 2016<\/strong>; sin embargo, s\u00f3lo hasta ver a los atletas mexicanos competir, se ver\u00e1 cu\u00e1l es la realidad del deporte nacional.<\/p>\n<p>Por ello, en el d\u00eda de apertura de los <strong>Juegos Ol\u00edmpicos<\/strong>, en <strong>Futbol Total<\/strong>, nos dimos a la tarea de enumerar a los 122 atletas mexicanos que competir\u00e1n en <strong>R\u00edo de Janeiro 2016<\/strong>, en las distintas disciplinas en las que calificaron:<\/p>\n<p style=\"text-align: center;\"><span style=\"color: #3366ff;\"><a style=\"color: #3366ff;\" href=\"http:\/\/www.futboltotal.com.mx\/2016\/08\/atletas-bellas-los-juegos-olimpicos-rio-janeiro-2016\/\" target=\"_blank\"><strong>LEERM\u00c1S: Las atletas m\u00e1s bellas de Juegos Ol\u00edmpicos<\/strong><\/a><\/span><\/p>\n<p style=\"text-align: center;\"><a href=\"http:\/\/www.futboltotal.com.mx\/wp-content\/uploads\/2016\/08\/delegacionmexicana1_opt.jpg\"><img decoding=\"async\" loading=\"lazy\" class=\"alignnone size-full wp-image-415876\" src=\"http:\/\/www.futboltotal.com.mx\/wp-content\/uploads\/2016\/08\/delegacionmexicana1_opt.jpg\" alt=\"delegacionmexicana(1)_opt\" srcset=\"http:\/\/desarrollo.grupomedios.com\/futbol\/wp-content\/uploads\/2016\/08\/delegacionmexicana1_opt.jpg 858w, http:\/\/desarrollo.grupomedios.com\/futbol\/wp-content\/uploads\/2016\/08\/delegacionmexicana1_opt-206x300.jpg 206w, http:\/\/desarrollo.grupomedios.com\/futbol\/wp-content\/uploads\/2016\/08\/delegacionmexicana1_opt-768x1116.jpg 768w, http:\/\/desarrollo.grupomedios.com\/futbol\/wp-content\/uploads\/2016\/08\/delegacionmexicana1_opt-705x1024.jpg 705w\" sizes=\"(max-width: 858px) 100vw, 858px\" \/><\/a><\/p>\n<p>Total: 122<\/p>\n<p><strong>Atletismo<\/strong> | 22 | Varonil y Femenil | Alberto \u00c1lvarez, Vianey de la Rosa, Diego del Real, Brenda Flores, Pedro G\u00f3mez Cruz, Mar\u00eda Guadalupe Gonz\u00e1lez, Margarita Hern\u00e1ndez, Jos\u00e9 Carlos Herrera, Horacio Nava, Leyver Ojeda, Alejandra Ortega, Ever Palma, Madai P\u00e9rez, C\u00e9sar Ram\u00edrez, Ricardo Ramos, Edgar Rivera, Marisol Romero, Julio C\u00e9sar Salazar, Mar\u00eda Guadalupe S\u00e1nchez, Yvonne Trevi\u00f1o, Daniel Vargas, Omar Zepeda.<\/p>\n<p><strong>B\u00e1dminton<\/strong> | 1 | Varonil | Lino Mu\u00f1oz<\/p>\n<p><strong>Boxeo<\/strong> | 6 | Varonil | Ra\u00fal Curiel, Lindolfo Delgado, El\u00edas Emigdio, Uziel Rodr\u00edguez, Juan Pablo Romero, Joselito Vel\u00e1zquez<\/p>\n<p><strong>Canotaje de velocidad<\/strong> | 1 | Varonil |Marcos Pulido<\/p>\n<p><strong>Ciclismo de monta\u00f1a<\/strong> | 1 | Femenil | Daniela Campuzano<\/p>\n<p><strong>Ciclismo de pista<\/strong> | 1 | Varonil | Ignacio Prado<\/p>\n<p><strong>Ciclismo de ruta<\/strong> | 2 | Varonil y Femenil | Luis Enrique Lemus, Carolina Rodr\u00edguez<\/p>\n<p><strong>Clavados<\/strong> | 9 | Varonil y Femenil | Rodrigo Diego, Paola Espinosa, Iv\u00e1n Garc\u00eda, Dolores Hern\u00e1ndez, Melany Hern\u00e1ndez, \u00c1ngel Ocampo, Alejandra Orozco, Rommel Pacheco, Germ\u00e1n Sa\u00fal S\u00e1nchez<\/p>\n<p><strong>Ecuestre<\/strong> | 1 | Femenil | Bernadette Pujals<\/p>\n<p><strong>Esgrima<\/strong> | 6 | Varonil y Femenil | Tania Arrayales, Juli\u00e1n Ayala, Daniel G\u00f3mez, \u00darsula Gonz\u00e1lez, Paola Pliego, Alejandra Ter\u00e1n.<\/p>\n<p><strong>Futbol<\/strong> | 18 | Varonil | Jos\u00e9 Abella, Erick Aguirre, Marco Bueno, Carlos Cisneros, Arturo Gonz\u00e1lez, Erik Guti\u00e9rrez, V\u00edctor Guzm\u00e1n, Manuel Lajud, Hirving Lozano, C\u00e9sar Montes, Oribe Peralta, Michael P\u00e9rez, Rodolfo Pizarro, Carlos Salcedo, Jordan Silva, Alfredo Talavera, Erik Torres, Jorge Torres.<\/p>\n<p><strong>Gimnasia Art\u00edstica<\/strong> | 2 | Varonil y Femenil | Daniel Corral, Alexa Moreno<\/p>\n<p><strong>Judo<\/strong> | 2 | Femenil | Edna Carrillo, Vanessa Zambotti<\/p>\n<p><strong>Levantamiento de pesas<\/strong> | 4 | Varonil y Femenil | Patricia Dom\u00ednguez, Alejandra Garza, Alicia Gurrola, Bredni Roque<\/p>\n<p><strong>Lucha<\/strong> | 1 | Varonil | Antonio Leyva<br \/>\nNado sincronizado | 2 | Femenil | Karem Achach, Nuria Diosdado<\/p>\n<p><strong>Nataci\u00f3n<\/strong> | 3 | Varonil y Femenil | Long Guti\u00e9rrez, Liliana Ib\u00e1\u00f1ez, Ricardo Vargas<\/p>\n<p><strong>Pentatl\u00f3n<\/strong> | 2 | Varonil y Femenil | Ismael Hern\u00e1ndez, Tamara Vega<\/p>\n<p><strong>Remo<\/strong> | 2 | Varonil y Femenil | Juan Carlos Cabrera, Kenia Lechuga<\/p>\n<p><strong>Taekwondo<\/strong> | 4 | Varonil y Femenil | Mar\u00eda del Rosario Espinoza, Sa\u00fal Guti\u00e9rrez, Itzel Manjarrez<\/p>\n<p><strong>Tenis<\/strong> | 2 | Varonil | Santiago Gonz\u00e1lez, Miguel \u00c1ngel Reyes<\/p>\n<p><strong>Tenis de Mesa<\/strong> | 2 | Varonil y Femenil | Marcos Madrid, Yadira Silva<\/p>\n<p><strong>Tiro<\/strong> | 2 | Femenil | Alejandra Zavala, Alejandra Zumaya<\/p>\n<p><strong>Tiro con Arco<\/strong> | 4 | Varonil y Femenil | Gabriela Bayardo, Ernesto Boardman, Aida Rom\u00e1n, Alejandra Valencia<\/p>\n<p><strong>Triatl\u00f3n<\/strong> | 5 | Varonil y Femenil | Rodrigo Gonz\u00e1lez, Crisanto Grajales, Gabriela P\u00e9rez Flores, Irving P\u00e9rez, Claudia Rivas<\/p>\n<p><strong>Vela<\/strong> | 3 | Varonil y Femenil | Yanic Gentry, Mauricio Mier y Ter\u00e1n, Demita Vega<\/p>\n<p><strong>Voleibol<\/strong> | 12 | Varonil | Tom\u00e1s Aguilera, Jorge Barajas, Samuel C\u00f3rdova, Carlos Guerra, Jos\u00e9 Mart\u00ednez, N\u00e9stor Orellana, Alberto Perales, Jorge Qui\u00f1ones, Jes\u00fas Rangel, Pedro Rangel, Gonzalo Ruiz, Daniel Vargas<\/p>\n<p><strong>Voleibol de Playa<\/strong> | 2 | Varonil | Rodolfo Ontiveros y Juan Ram\u00f3n Pulido<\/p>\n","protected":false},"excerpt":{"rendered":"<p>M\u00e1s de un centenar de atletas, buscar\u00e1n subir al podio<\/p>\n","protected":false},"author":20,"featured_media":415843,"comment_status":"closed","ping_status":"closed","sticky":false,"template":"","format":"standard","meta":[],"categories":[7269,5,7182,5418,7188,6411],"tags":[1911],"_links":{"self":[{"href":"http:\/\/desarrollo.grupomedios.com\/futbol\/wp-json\/wp\/v2\/posts\/415840"}],"collection":[{"href":"http:\/\/desarrollo.grupomedios.com\/futbol\/wp-json\/wp\/v2\/posts"}],"about":[{"href":"http:\/\/desarrollo.grupomedios.com\/futbol\/wp-json\/wp\/v2\/types\/post"}],"author":[{"embeddable":true,"href":"http:\/\/desarrollo.grupomedios.com\/futbol\/wp-json\/wp\/v2\/users\/20"}],"replies":[{"embeddable":true,"href":"http:\/\/desarrollo.grupomedios.com\/futbol\/wp-json\/wp\/v2\/comments?post=415840"}],"version-history":[{"count":0,"href":"http:\/\/desarrollo.grupomedios.com\/futbol\/wp-json\/wp\/v2\/posts\/415840\/revisions"}],"wp:featuredmedia":[{"embeddable":true,"href":"http:\/\/desarrollo.grupomedios.com\/futbol\/wp-json\/wp\/v2\/media\/415843"}],"wp:attachment":[{"href":"http:\/\/desarrollo.grupomedios.com\/futbol\/wp-json\/wp\/v2\/media?parent=415840"}],"wp:term":[{"taxonomy":"category","embeddable":true,"href":"http:\/\/desarrollo.grupomedios.com\/futbol\/wp-json\/wp\/v2\/categories?post=415840"},{"taxonomy":"post_tag","embeddable":true,"href":"http:\/\/desarrollo.grupomedios.com\/futbol\/wp-json\/wp\/v2\/tags?post=415840"}],"curies":[{"name":"wp","href":"https:\/\/api.w.org\/{rel}","templated":true}]}}