{"id":415917,"date":"2016-08-05T16:39:09","date_gmt":"2016-08-05T21:39:09","guid":{"rendered":"http:\/\/www.futboltotal.com.mx\/?p=415917"},"modified":"2016-08-05T16:40:36","modified_gmt":"2016-08-05T21:40:36","slug":"pele-encendera-pebetero-olimpico-rio-janeiro","status":"publish","type":"post","link":"http:\/\/desarrollo.grupomedios.com\/futbol\/juegos-olimpicos-2016\/pele-encendera-pebetero-olimpico-rio-janeiro\/2016\/08","title":{"rendered":"Pel\u00e9 no encender\u00e1 el pebetero ol\u00edmpico"},"content":{"rendered":"<p><strong>Pel\u00e9<\/strong>, el mejor futbolista brasile\u00f1o de todos los tiempos, se descart\u00f3 como posible candidato a encender el pebetero de los <strong>Juegos Ol\u00edmpicos<\/strong> de R\u00edo de Janeiro, horas antes de la ceremonia de apertura.<\/p>\n<p>El nombre del encargado de hacer el \u00faltimo relevo de la antorcha y de encender el pebetero es el secreto mejor guardado de los organizadores de<strong> R\u00edo 2016<\/strong>, pero en Brasil se daba casi como seguro que ese honor corresponder\u00eda a al astro <em>carioca<\/em>.<\/p>\n<p><strong>Pel\u00e9<\/strong>, de 75 a\u00f1os, justific\u00f3 su ausencia en la ceremonia por motivos de salud, afirm\u00f3 que no tiene &#8220;condiciones f\u00edsicas&#8221; para participar en la ceremonia.<\/p>\n<blockquote class=\"twitter-tweet\" data-lang=\"es\">\n<p dir=\"ltr\" lang=\"es\">K. Woojin (<a href=\"https:\/\/twitter.com\/hashtag\/KOR?src=hash\">#KOR<\/a>) es el primer arquero en <a href=\"https:\/\/twitter.com\/hashtag\/TiroConArco?src=hash\">#TiroConArco<\/a> recurvo con 700 puntos en la ronda de clasificaci\u00f3n individual <a href=\"https:\/\/t.co\/I6LXyl6F3j\">pic.twitter.com\/I6LXyl6F3j<\/a><\/p>\n<p>\u2014 Los Juegos Ol\u00edmpicos (@juegosolimpicos) <a href=\"https:\/\/twitter.com\/juegosolimpicos\/status\/761645405352423425\">5 de agosto de 2016<\/a><\/p><\/blockquote>\n<p><script src=\"\/\/platform.twitter.com\/widgets.js\" async=\"\" charset=\"utf-8\"><\/script><\/p>\n<p>En el \u00faltimo par de a\u00f1os, <strong>Pel\u00e9<\/strong> se ha sometido a varias operaciones, por problemas renales, en articulaciones y en la cadera.<\/p>\n<p>Hace un par de d\u00edas, el propio exfutbolista admiti\u00f3 que recibi\u00f3 la invitaci\u00f3n de los organizadores y dijo que le agradar\u00eda hacerlo, pero entonces subordin\u00f3 la decisi\u00f3n final a sus patrocinadores personales, alguno de ellos rivales comerciales de los patrocinadores de los <strong>Juegos Ol\u00edmpicos<\/strong>.<\/p>\n<blockquote class=\"twitter-tweet\" data-lang=\"es\"><p>\n\u00a1Esta noche es la noche! La Ceremonia de Apertura de los <a href=\"https:\/\/twitter.com\/hashtag\/JuegosOl%C3%ADmpicos?src=hash\">#JuegosOl\u00edmpicos<\/a> <a href=\"https:\/\/twitter.com\/hashtag\/Rio2016?src=hash\">#Rio2016<\/a> comienza a las 8 pm. <a href=\"https:\/\/t.co\/Cpk72MDpbK\">pic.twitter.com\/Cpk72MDpbK<\/a><\/p>\n<p>\u2014 Los Juegos Ol\u00edmpicos (@juegosolimpicos) <a href=\"https:\/\/twitter.com\/juegosolimpicos\/status\/761551856740990977\">5 de agosto de 2016<\/a>\n<\/p><\/blockquote>\n<p><script src=\"\/\/platform.twitter.com\/widgets.js\" async=\"\" charset=\"utf-8\"><\/script><\/p>\n<p><strong>Pel\u00e9<\/strong> asi\u00f3 la antorcha en la ciudad de Santos desde el balc\u00f3n del museo que lleva su nombre hace un par de semanas, pero no particip\u00f3 en el relevo.<\/p>\n<p>Entre los otros nombres que hab\u00edan sido especulados por la prensa brasile\u00f1a como candidatos a encender el pebetero figuran el regatista Torben Grael, el tenista Gustavo Kuerten y el maratonista Vanderlei Cordeiro.<\/p>\n","protected":false},"excerpt":{"rendered":"<p>Su estado f\u00edsico le impidi\u00f3 llevar a cabo este honor<\/p>\n","protected":false},"author":144,"featured_media":415920,"comment_status":"closed","ping_status":"closed","sticky":false,"template":"","format":"standard","meta":[],"categories":[7182,7188],"tags":[1911,246,5664],"_links":{"self":[{"href":"http:\/\/desarrollo.grupomedios.com\/futbol\/wp-json\/wp\/v2\/posts\/415917"}],"collection":[{"href":"http:\/\/desarrollo.grupomedios.com\/futbol\/wp-json\/wp\/v2\/posts"}],"about":[{"href":"http:\/\/desarrollo.grupomedios.com\/futbol\/wp-json\/wp\/v2\/types\/post"}],"author":[{"embeddable":true,"href":"http:\/\/desarrollo.grupomedios.com\/futbol\/wp-json\/wp\/v2\/users\/144"}],"replies":[{"embeddable":true,"href":"http:\/\/desarrollo.grupomedios.com\/futbol\/wp-json\/wp\/v2\/comments?post=415917"}],"version-history":[{"count":0,"href":"http:\/\/desarrollo.grupomedios.com\/futbol\/wp-json\/wp\/v2\/posts\/415917\/revisions"}],"wp:featuredmedia":[{"embeddable":true,"href":"http:\/\/desarrollo.grupomedios.com\/futbol\/wp-json\/wp\/v2\/media\/415920"}],"wp:attachment":[{"href":"http:\/\/desarrollo.grupomedios.com\/futbol\/wp-json\/wp\/v2\/media?parent=415917"}],"wp:term":[{"taxonomy":"category","embeddable":true,"href":"http:\/\/desarrollo.grupomedios.com\/futbol\/wp-json\/wp\/v2\/categories?post=415917"},{"taxonomy":"post_tag","embeddable":true,"href":"http:\/\/desarrollo.grupomedios.com\/futbol\/wp-json\/wp\/v2\/tags?post=415917"}],"curies":[{"name":"wp","href":"https:\/\/api.w.org\/{rel}","templated":true}]}}