{"id":415972,"date":"2016-08-05T19:32:06","date_gmt":"2016-08-06T00:32:06","guid":{"rendered":"http:\/\/www.futboltotal.com.mx\/?p=415972"},"modified":"2016-08-05T19:32:06","modified_gmt":"2016-08-06T00:32:06","slug":"atleta-pedira-eutanasia-despues-rio-2016","status":"publish","type":"post","link":"http:\/\/desarrollo.grupomedios.com\/futbol\/juegos-olimpicos-2016\/atleta-pedira-eutanasia-despues-rio-2016\/2016\/08","title":{"rendered":"Atleta pedir\u00eda eutanasia despu\u00e9s de R\u00edo 2016"},"content":{"rendered":"<p>Asistir a los <strong>Juegos Ol\u00edmpicos<\/strong> es el sue\u00f1o de todo atleta, para la edici\u00f3n de <strong>R\u00edo 2016<\/strong>, las esperanzas est\u00e1n en todas las naciones participantes. Para unos significa su primera experiencia, a otros es sin\u00f3nimo del adi\u00f3s deportivo, pero en el caso de la belga <strong>Marieke Vervoot<\/strong> ser\u00e1 la forma de despedirse m\u00e1s all\u00e1 su carrera, pues piensa en la <strong>eutanasia<\/strong>.<\/p>\n<p>La atleta paraol\u00edmpica sufre de par\u00e1lisis de la cintura para abajo, adem\u00e1s de sufrir dolores insoportables que la orillaron a pensar en dicha soluci\u00f3n.<\/p>\n<blockquote class=\"twitter-tweet\" data-lang=\"es\">\n<p dir=\"ltr\" lang=\"nl\">Zou ik ook opstijgen als ik hard genoeg rij? <a href=\"https:\/\/t.co\/ntp9OkQT1D\">pic.twitter.com\/ntp9OkQT1D<\/a><\/p>\n<p>\u2014 Marieke Vervoort (@Wielemie) <a href=\"https:\/\/twitter.com\/Wielemie\/status\/759068289247084544\">29 de julio de 2016<\/a><\/p><\/blockquote>\n<p><script src=\"\/\/platform.twitter.com\/widgets.js\" async=\"\" charset=\"utf-8\"><\/script><\/p>\n<p>&#8220;R\u00edo es mi \u00faltimo deseo, espero acabar mi carrera con un podio. Comienzo a pensar en la <strong>eutanasia<\/strong>, pero, a pesar de mi enfermedad, he vivido lo que otros s\u00f3lo pueden so\u00f1ar&#8221;, confes\u00f3 al peri\u00f3dico Le Parisien.<\/p>\n<p><strong>Marieke Vervoot<\/strong> contempla llevar a cabo el procedimiento que provoca intencionalmente la muerte, tema que causa pol\u00e9mica en todas partes del mundo.<\/p>\n","protected":false},"excerpt":{"rendered":"<p>La Marieke Vervoort quiere disfrutar sus \u00faltimos Juegos Ol\u00edmpicos <\/p>\n","protected":false},"author":20,"featured_media":415975,"comment_status":"closed","ping_status":"closed","sticky":false,"template":"","format":"standard","meta":[],"categories":[7182,7188],"tags":[1911,5664],"_links":{"self":[{"href":"http:\/\/desarrollo.grupomedios.com\/futbol\/wp-json\/wp\/v2\/posts\/415972"}],"collection":[{"href":"http:\/\/desarrollo.grupomedios.com\/futbol\/wp-json\/wp\/v2\/posts"}],"about":[{"href":"http:\/\/desarrollo.grupomedios.com\/futbol\/wp-json\/wp\/v2\/types\/post"}],"author":[{"embeddable":true,"href":"http:\/\/desarrollo.grupomedios.com\/futbol\/wp-json\/wp\/v2\/users\/20"}],"replies":[{"embeddable":true,"href":"http:\/\/desarrollo.grupomedios.com\/futbol\/wp-json\/wp\/v2\/comments?post=415972"}],"version-history":[{"count":0,"href":"http:\/\/desarrollo.grupomedios.com\/futbol\/wp-json\/wp\/v2\/posts\/415972\/revisions"}],"wp:featuredmedia":[{"embeddable":true,"href":"http:\/\/desarrollo.grupomedios.com\/futbol\/wp-json\/wp\/v2\/media\/415975"}],"wp:attachment":[{"href":"http:\/\/desarrollo.grupomedios.com\/futbol\/wp-json\/wp\/v2\/media?parent=415972"}],"wp:term":[{"taxonomy":"category","embeddable":true,"href":"http:\/\/desarrollo.grupomedios.com\/futbol\/wp-json\/wp\/v2\/categories?post=415972"},{"taxonomy":"post_tag","embeddable":true,"href":"http:\/\/desarrollo.grupomedios.com\/futbol\/wp-json\/wp\/v2\/tags?post=415972"}],"curies":[{"name":"wp","href":"https:\/\/api.w.org\/{rel}","templated":true}]}}