{"id":415992,"date":"2016-08-05T20:20:02","date_gmt":"2016-08-06T01:20:02","guid":{"rendered":"http:\/\/www.futboltotal.com.mx\/?p=415992"},"modified":"2016-08-05T22:09:11","modified_gmt":"2016-08-06T03:09:11","slug":"la-samba-al-funk-la-favela-bailar-al-maracana","status":"publish","type":"post","link":"http:\/\/desarrollo.grupomedios.com\/futbol\/destacado-home\/la-samba-al-funk-la-favela-bailar-al-maracana\/2016\/08","title":{"rendered":"De la samba al funk: la favela hace bailar al Maracan\u00e1"},"content":{"rendered":"<p>La samba, el pasinho y el funk, los ritmos y bailes nacidos en las favelas cariocas se apoderaron del Maracan\u00e1 y convirtieron la inauguraci\u00f3n de los <a href=\"http:\/\/www.futboltotal.com.mx\/juegos-olimpicos-2016\/\" target=\"_blank\"><strong>Juegos Ol\u00edmpicos<\/strong><\/a> en una fiesta con la fuerza arrolladora de la cultura negra, que hizo bailar a todo el estadio.<\/p>\n<p>Las favelas, las barriadas pobres de R\u00edo, donde vive una cuarta parte de la poblaci\u00f3n de la ciudad, fueron la cuna de la samba hace un siglo y ahora de ellas emana el sonido poderoso del funk, una m\u00fasica de ritmo sincopado, con letras rapeadas y que normalmente tienen un contenido sexual expl\u00edcito y, a veces, tambi\u00e9n de exaltaci\u00f3n de las bandas de narcotraficantes.<\/p>\n<p><a href=\"http:\/\/www.futboltotal.com.mx\/wp-content\/uploads\/2016\/08\/juegos-olimpicos-inauguracion-noticias-1.jpg\"><img decoding=\"async\" loading=\"lazy\" class=\"alignnone size-full wp-image-415995\" src=\"http:\/\/www.futboltotal.com.mx\/wp-content\/uploads\/2016\/08\/juegos-olimpicos-inauguracion-noticias-1.jpg\" alt=\"juegos-olimpicos-inauguracion-noticias-1\" srcset=\"http:\/\/desarrollo.grupomedios.com\/futbol\/wp-content\/uploads\/2016\/08\/juegos-olimpicos-inauguracion-noticias-1.jpg 858w, http:\/\/desarrollo.grupomedios.com\/futbol\/wp-content\/uploads\/2016\/08\/juegos-olimpicos-inauguracion-noticias-1-300x151.jpg 300w, http:\/\/desarrollo.grupomedios.com\/futbol\/wp-content\/uploads\/2016\/08\/juegos-olimpicos-inauguracion-noticias-1-768x386.jpg 768w, http:\/\/desarrollo.grupomedios.com\/futbol\/wp-content\/uploads\/2016\/08\/juegos-olimpicos-inauguracion-noticias-1-340x171.jpg 340w\" sizes=\"(max-width: 858px) 100vw, 858px\" \/><\/a><\/p>\n<p>Al igual que le ocurri\u00f3 a la samba, el funk sali\u00f3 de la clandestinidad, de la marginaci\u00f3n social y acab\u00f3 bajando de los cerros donde se desparraman las favelas para acabar conquistando el gran p\u00fablico y la lista de las canciones m\u00e1s escuchadas en las radios brasile\u00f1as.<\/p>\n<p>Con los primeros golpes de bater\u00eda de funk, el joven Cristian do Passinho, de 13 a\u00f1os, se hizo due\u00f1o del escenario haciendo un despliegue del &#8220;passinho&#8221;, un baile similar al &#8220;break dance&#8221; que es una aut\u00e9ntica fiebre entre los ni\u00f1os y adolescentes de las favelas.<\/p>\n<p>Acompa\u00f1ada por el fren\u00e9tico zapateado de Cristian y de un pu\u00f1ado de bailarantes, la cantante Ludmilla interpret\u00f3 el &#8220;Rap da Felicidade&#8221;, todo un himno de las favelas.<\/p>\n<p><a href=\"http:\/\/www.futboltotal.com.mx\/wp-content\/uploads\/2016\/08\/juegos-olimpicos-inauguracion-noticias-2.jpg\"><img decoding=\"async\" loading=\"lazy\" class=\"alignnone size-full wp-image-415997\" src=\"http:\/\/www.futboltotal.com.mx\/wp-content\/uploads\/2016\/08\/juegos-olimpicos-inauguracion-noticias-2.jpg\" alt=\"juegos-olimpicos-inauguracion-noticias-2\" srcset=\"http:\/\/desarrollo.grupomedios.com\/futbol\/wp-content\/uploads\/2016\/08\/juegos-olimpicos-inauguracion-noticias-2.jpg 858w, http:\/\/desarrollo.grupomedios.com\/futbol\/wp-content\/uploads\/2016\/08\/juegos-olimpicos-inauguracion-noticias-2-300x151.jpg 300w, http:\/\/desarrollo.grupomedios.com\/futbol\/wp-content\/uploads\/2016\/08\/juegos-olimpicos-inauguracion-noticias-2-768x386.jpg 768w, http:\/\/desarrollo.grupomedios.com\/futbol\/wp-content\/uploads\/2016\/08\/juegos-olimpicos-inauguracion-noticias-2-340x171.jpg 340w\" sizes=\"(max-width: 858px) 100vw, 858px\" \/><\/a><\/p>\n<p>El estribillo de esta canci\u00f3n, una expresi\u00f3n del orgullo de pertenencia a las barriadas m\u00e1s humildes -&#8220;yo s\u00f3lo quiero ser feliz, vivir tranquilamente en la favela en que nac\u00ed&#8221;-, fue coreado por el p\u00fablico brasile\u00f1o del Maracan\u00e1 a una sola voz.<\/p>\n<p>A rengl\u00f3n seguido, Elza Soares, una de las grandes damas de la samba y la M\u00fasica Popular Brasile\u00f1a (MPB), enton\u00f3 el &#8220;Canto de Ossanha&#8221;, canci\u00f3n lanzada en 1966 por Baden Powel y Vin\u00edcius de Moraes y que dio visibilidad a las religiones de origen africano, que fueron perseguidas por las autoridades durante largas etapas de la historia de Brasil.<\/p>\n<p>La &#8220;fiesta de la favela&#8221; prosigui\u00f3 con una r\u00e1pida sucesi\u00f3n de \u00e9xitos de pop, samba y funk interpretados en una batalla entre el rapero Marcelo D2 y el popular cantante de samba Zeca Pagodinho, que intercalaron estrofas de sus temas m\u00e1s conocidos.<\/p>\n<blockquote class=\"twitter-tweet\" data-lang=\"es\">\n<p dir=\"ltr\" lang=\"es\">\u00a1Qu\u00e9 vista del estadio Maracan\u00e1 durante el desfile en la <a href=\"https:\/\/twitter.com\/hashtag\/CeremoniaDeInauguraci%C3%B3n?src=hash\">#CeremoniaDeInauguraci\u00f3n<\/a> en los <a href=\"https:\/\/twitter.com\/hashtag\/JuegosOl%C3%ADmpicos?src=hash\">#JuegosOl\u00edmpicos<\/a> <a href=\"https:\/\/twitter.com\/hashtag\/Rio2016?src=hash\">#Rio2016<\/a>! <a href=\"https:\/\/t.co\/Zf3H5EJ468\">pic.twitter.com\/Zf3H5EJ468<\/a><\/p>\n<p>\u2014 Los Juegos Ol\u00edmpicos (@juegosolimpicos) <a href=\"https:\/\/twitter.com\/juegosolimpicos\/status\/761733167967510529\">6 de agosto de 2016<\/a><\/p><\/blockquote>\n<p><script src=\"\/\/platform.twitter.com\/widgets.js\" async=\"\" charset=\"utf-8\"><\/script><\/p>\n<p>Mientras, decenas de bailarines vestidos de blanco pululaban por los las pilas de cubos multicolores que emulaban la geograf\u00eda de las favelas.<\/p>\n<p>Las raperas Karol Conka y MC Soffia, de 12 a\u00f1os de edad, hicieron un breve duelo de voces, acompa\u00f1ados por un bailar\u00edn que mezcl\u00f3 &#8220;break dance&#8221; y &#8220;capoeira&#8221;.<\/p>\n<p>Despu\u00e9s varios grupos de bailarines llenaron el escenario dispuesto sobre el c\u00e9sped del Maracan\u00e1 para mostrar al mismo tiempo diferentes estilos regionales de Brasil, el Maracat\u00fa del noreste o la m\u00fasica los &#8220;bate-bolas&#8221;, que son los arlequines del carnaval de R\u00edo.<\/p>\n<blockquote class=\"twitter-tweet\" data-lang=\"es\"><p>\n\u00a1Impresionante vista de la <a href=\"https:\/\/twitter.com\/hashtag\/CeremoniaDeInauguraci%C3%B3n?src=hash\">#CeremoniaDeInauguraci\u00f3n<\/a> en los <a href=\"https:\/\/twitter.com\/hashtag\/JuegosOl%C3%ADmpicos?src=hash\">#JuegosOl\u00edmpicos<\/a> <a href=\"https:\/\/twitter.com\/hashtag\/Rio2016?src=hash\">#Rio2016<\/a>! <a href=\"https:\/\/t.co\/OFRsbtzzC7\">pic.twitter.com\/OFRsbtzzC7<\/a><\/p>\n<p>\u2014 Los Juegos Ol\u00edmpicos (@juegosolimpicos) <a href=\"https:\/\/twitter.com\/juegosolimpicos\/status\/761732006904561664\">6 de agosto de 2016<\/a>\n<\/p><\/blockquote>\n<p><script src=\"\/\/platform.twitter.com\/widgets.js\" async=\"\" charset=\"utf-8\"><\/script><\/p>\n<p>El apoteosis de la fiesta, que puso a los grader\u00edos en pie, lo puso Jorge Ben Jor entonando &#8220;Pa\u00eds Tropical&#8221;, canci\u00f3n que canta las bellezas de las diferentes regiones de Brasil y que es una suerte de himno nacional en clave de samba.<\/p>\n<p>El \u00e9xito de Ben Jor fue tal que sigui\u00f3 entonando la canci\u00f3n a capela, acompa\u00f1ado por todo el p\u00fablico brasile\u00f1o, que cerr\u00f3 con una sonora ovaci\u00f3n.<\/p>\n","protected":false},"excerpt":{"rendered":"<p>La inauguraci\u00f3n de R\u00edo 2016 fue apasionante<\/p>\n","protected":false},"author":144,"featured_media":416013,"comment_status":"closed","ping_status":"closed","sticky":false,"template":"","format":"standard","meta":[],"categories":[5,7182,7188],"tags":[1911,5664],"_links":{"self":[{"href":"http:\/\/desarrollo.grupomedios.com\/futbol\/wp-json\/wp\/v2\/posts\/415992"}],"collection":[{"href":"http:\/\/desarrollo.grupomedios.com\/futbol\/wp-json\/wp\/v2\/posts"}],"about":[{"href":"http:\/\/desarrollo.grupomedios.com\/futbol\/wp-json\/wp\/v2\/types\/post"}],"author":[{"embeddable":true,"href":"http:\/\/desarrollo.grupomedios.com\/futbol\/wp-json\/wp\/v2\/users\/144"}],"replies":[{"embeddable":true,"href":"http:\/\/desarrollo.grupomedios.com\/futbol\/wp-json\/wp\/v2\/comments?post=415992"}],"version-history":[{"count":0,"href":"http:\/\/desarrollo.grupomedios.com\/futbol\/wp-json\/wp\/v2\/posts\/415992\/revisions"}],"wp:featuredmedia":[{"embeddable":true,"href":"http:\/\/desarrollo.grupomedios.com\/futbol\/wp-json\/wp\/v2\/media\/416013"}],"wp:attachment":[{"href":"http:\/\/desarrollo.grupomedios.com\/futbol\/wp-json\/wp\/v2\/media?parent=415992"}],"wp:term":[{"taxonomy":"category","embeddable":true,"href":"http:\/\/desarrollo.grupomedios.com\/futbol\/wp-json\/wp\/v2\/categories?post=415992"},{"taxonomy":"post_tag","embeddable":true,"href":"http:\/\/desarrollo.grupomedios.com\/futbol\/wp-json\/wp\/v2\/tags?post=415992"}],"curies":[{"name":"wp","href":"https:\/\/api.w.org\/{rel}","templated":true}]}}