{"id":416015,"date":"2016-08-06T11:28:48","date_gmt":"2016-08-06T16:28:48","guid":{"rendered":"http:\/\/www.futboltotal.com.mx\/?p=416015"},"modified":"2016-08-06T12:28:00","modified_gmt":"2016-08-06T17:28:00","slug":"estados-unidos-se-queda-primer-oro-rio-2016","status":"publish","type":"post","link":"http:\/\/desarrollo.grupomedios.com\/futbol\/destacado-home\/estados-unidos-se-queda-primer-oro-rio-2016\/2016\/08","title":{"rendered":"EU se queda con el primer oro de R\u00edo 2016"},"content":{"rendered":"<p>La estadounidense <strong>Virginia Thrasher<\/strong> logr\u00f3 este s\u00e1bado la primera <strong>medalla de oro<\/strong> de <strong>los Juegos Ol\u00edmpicos<\/strong> <strong>de R\u00edo 2016<\/strong> al imponerse en la prueba femenina de carabina de aire desde 10 metros de tiro.<\/p>\n<p>Thrasher gan\u00f3 el primer oro con 208 puntos, nuevo r\u00e9cord ol\u00edmpico de una final. Super\u00f3 a dos de las grandes favoritas, las chinas Du Li (207), plata, y Yi Siling (185,4), que defend\u00eda el t\u00edtulo y que complet\u00f3 el podio.<\/p>\n<blockquote class=\"twitter-tweet\" data-lang=\"es\">\n<p dir=\"ltr\" lang=\"es\"><a href=\"https:\/\/twitter.com\/hashtag\/Tiro?src=hash\">#Tiro<\/a> Virginia Thrasher de <a href=\"https:\/\/twitter.com\/hashtag\/USA?src=hash\">#USA<\/a> gan\u00f3 la primera medalla de <a href=\"https:\/\/twitter.com\/hashtag\/Oro?src=hash\">#Oro<\/a> de los <a href=\"https:\/\/twitter.com\/hashtag\/JuegosOl%C3%ADmpicos?src=hash\">#JuegosOl\u00edmpicos<\/a> <a href=\"https:\/\/twitter.com\/hashtag\/Rio2016?src=hash\">#Rio2016<\/a><\/p>\n<p>\u2014 Los Juegos Ol\u00edmpicos (@juegosolimpicos) <a href=\"https:\/\/twitter.com\/juegosolimpicos\/status\/761936777280094208\">6 de agosto de 2016<\/a><\/p><\/blockquote>\n<p><script src=\"\/\/platform.twitter.com\/widgets.js\" async=\"\" charset=\"utf-8\"><\/script><\/p>\n<p>En la ronda clasificatoria, la norteamericana fue sexta con 416,3 puntos, a 4,4 de la mejor en ese momento, Du Li, mientras que la campeona en Londres 2012, Yi Siling, se meti\u00f3 por los pelos entre las ocho mejores.<\/p>\n<p>Pese a su juventud, <strong>Virginia Thrasher<\/strong>, se mantuvo muy s\u00f3lida en el momento decisivo. Du Li, de 34 a\u00f1os, y Yi, de 27, sucumbieron ante la estadounidense, nacida hace 19 a\u00f1os en Rome (Nueva York) y que de ni\u00f1a so\u00f1aba con ser ol\u00edmpica en invierno, en patinaje art\u00edstico, antes de decidirse por el tiro.<\/p>\n<p>En esta prueba, las tiradoras disparan de pie desde una distancia de 10 metros con proyectiles del calibre 4,5 mil\u00edmetros con una carabina que no puede superar los 5,5 kilos de peso.<\/p>\n","protected":false},"excerpt":{"rendered":"<p>Virginia Thrasher impuso r\u00e9cord en carabina de aire <\/p>\n","protected":false},"author":144,"featured_media":416016,"comment_status":"closed","ping_status":"closed","sticky":false,"template":"","format":"standard","meta":[],"categories":[5,7182,7188],"tags":[7306],"_links":{"self":[{"href":"http:\/\/desarrollo.grupomedios.com\/futbol\/wp-json\/wp\/v2\/posts\/416015"}],"collection":[{"href":"http:\/\/desarrollo.grupomedios.com\/futbol\/wp-json\/wp\/v2\/posts"}],"about":[{"href":"http:\/\/desarrollo.grupomedios.com\/futbol\/wp-json\/wp\/v2\/types\/post"}],"author":[{"embeddable":true,"href":"http:\/\/desarrollo.grupomedios.com\/futbol\/wp-json\/wp\/v2\/users\/144"}],"replies":[{"embeddable":true,"href":"http:\/\/desarrollo.grupomedios.com\/futbol\/wp-json\/wp\/v2\/comments?post=416015"}],"version-history":[{"count":0,"href":"http:\/\/desarrollo.grupomedios.com\/futbol\/wp-json\/wp\/v2\/posts\/416015\/revisions"}],"wp:featuredmedia":[{"embeddable":true,"href":"http:\/\/desarrollo.grupomedios.com\/futbol\/wp-json\/wp\/v2\/media\/416016"}],"wp:attachment":[{"href":"http:\/\/desarrollo.grupomedios.com\/futbol\/wp-json\/wp\/v2\/media?parent=416015"}],"wp:term":[{"taxonomy":"category","embeddable":true,"href":"http:\/\/desarrollo.grupomedios.com\/futbol\/wp-json\/wp\/v2\/categories?post=416015"},{"taxonomy":"post_tag","embeddable":true,"href":"http:\/\/desarrollo.grupomedios.com\/futbol\/wp-json\/wp\/v2\/tags?post=416015"}],"curies":[{"name":"wp","href":"https:\/\/api.w.org\/{rel}","templated":true}]}}