{"id":416019,"date":"2016-08-06T12:30:22","date_gmt":"2016-08-06T17:30:22","guid":{"rendered":"http:\/\/www.futboltotal.com.mx\/?p=416019"},"modified":"2016-08-06T12:31:48","modified_gmt":"2016-08-06T17:31:48","slug":"bayern-munich-presume-sus-nuevas-armas","status":"publish","type":"post","link":"http:\/\/desarrollo.grupomedios.com\/futbol\/destacado-home\/bayern-munich-presume-sus-nuevas-armas\/2016\/08","title":{"rendered":"Bayern Munich presume sus nuevas armas"},"content":{"rendered":"<p>El <strong>Bayern<\/strong> <strong>Munich<\/strong> present\u00f3 oficialmente a sus dos fichajes de la temporada, al central alem\u00e1n <strong>Mats Hummels<\/strong> y al centrocampista portugu\u00e9s <strong>Renato Sanches<\/strong>, un importante refuerzo para el club, seg\u00fan su entrenador, el italiano Carlo Ancelotti.<\/p>\n<p>&#8220;Estoy contento de tener con nosotros a estos dos fant\u00e1sticos jugadores. Haber comprometido a <strong>Hummels<\/strong> y Sanches fue un paso muy importante para nosotros y estoy muy contento de ello&#8221;, declar\u00f3 el t\u00e9cnico durante la presentaci\u00f3n del equipo.<\/p>\n<p>Tanto <strong>Hummels<\/strong>, campe\u00f3n del mundo, como Sanches, campe\u00f3n de Europa, se mostraron optimistas.<\/p>\n<blockquote class=\"twitter-tweet\" data-lang=\"es\">\n<p dir=\"ltr\" lang=\"es\">&#8220;Late-Night-Show&#8221; y entrenamiento en el <a href=\"https:\/\/twitter.com\/hashtag\/AllianzArena?src=hash\">#AllianzArena<\/a> ante 15000 espectadores.<br \/>\n<a href=\"https:\/\/t.co\/5IW3QHJ1sO\">https:\/\/t.co\/5IW3QHJ1sO<\/a> <a href=\"https:\/\/twitter.com\/hashtag\/MiaSanMia?src=hash\">#MiaSanMia<\/a> <a href=\"https:\/\/t.co\/24iWfvmsV9\">pic.twitter.com\/24iWfvmsV9<\/a><\/p>\n<p>\u2014 FC Bayern Espa\u00f1ol (@FCBayernES) <a href=\"https:\/\/twitter.com\/FCBayernES\/status\/761955983728009220\">6 de agosto de 2016<\/a><\/p><\/blockquote>\n<p><script src=\"\/\/platform.twitter.com\/widgets.js\" async=\"\" charset=\"utf-8\"><\/script><\/p>\n<p>&#8220;El <strong>Bayern<\/strong> es uno de los tres mejores equipos del mundo. Saber que cada a\u00f1o puedes ganar tres t\u00edtulos es un gran est\u00edmulo&#8221;, declar\u00f3 el defensa en su primera rueda de prensa.<\/p>\n<p>Sanches, de 18 a\u00f1os y reciente ganador de la Eurocopa con su selecci\u00f3n, declar\u00f3: &#8220;Estoy muy contento de estar aqu\u00ed. Trabajar\u00e9 para ser uno de los mejores&#8221;.<\/p>\n<p>Por otra parte, el presidente del Consejo Directivo del Bayern, Karlheinz Rummenigge, desminti\u00f3 el pago de 38 millones de euros por el traspaso de Hummels.<\/p>\n<p>&#8220;Ya he o\u00eddo esta suma unas cuantas veces. Esta suma es demasiado elevada y no es cierta&#8221;, afirm\u00f3.<\/p>\n","protected":false},"excerpt":{"rendered":"<p>Los B\u00e1varos presentaron a Hummels y Sanches <\/p>\n","protected":false},"author":144,"featured_media":416023,"comment_status":"closed","ping_status":"closed","sticky":false,"template":"","format":"standard","meta":[],"categories":[5,3839,6822],"tags":[2056],"_links":{"self":[{"href":"http:\/\/desarrollo.grupomedios.com\/futbol\/wp-json\/wp\/v2\/posts\/416019"}],"collection":[{"href":"http:\/\/desarrollo.grupomedios.com\/futbol\/wp-json\/wp\/v2\/posts"}],"about":[{"href":"http:\/\/desarrollo.grupomedios.com\/futbol\/wp-json\/wp\/v2\/types\/post"}],"author":[{"embeddable":true,"href":"http:\/\/desarrollo.grupomedios.com\/futbol\/wp-json\/wp\/v2\/users\/144"}],"replies":[{"embeddable":true,"href":"http:\/\/desarrollo.grupomedios.com\/futbol\/wp-json\/wp\/v2\/comments?post=416019"}],"version-history":[{"count":0,"href":"http:\/\/desarrollo.grupomedios.com\/futbol\/wp-json\/wp\/v2\/posts\/416019\/revisions"}],"wp:featuredmedia":[{"embeddable":true,"href":"http:\/\/desarrollo.grupomedios.com\/futbol\/wp-json\/wp\/v2\/media\/416023"}],"wp:attachment":[{"href":"http:\/\/desarrollo.grupomedios.com\/futbol\/wp-json\/wp\/v2\/media?parent=416019"}],"wp:term":[{"taxonomy":"category","embeddable":true,"href":"http:\/\/desarrollo.grupomedios.com\/futbol\/wp-json\/wp\/v2\/categories?post=416019"},{"taxonomy":"post_tag","embeddable":true,"href":"http:\/\/desarrollo.grupomedios.com\/futbol\/wp-json\/wp\/v2\/tags?post=416019"}],"curies":[{"name":"wp","href":"https:\/\/api.w.org\/{rel}","templated":true}]}}