{"id":416024,"date":"2016-08-06T12:33:56","date_gmt":"2016-08-06T17:33:56","guid":{"rendered":"http:\/\/www.futboltotal.com.mx\/?p=416024"},"modified":"2016-08-06T12:33:56","modified_gmt":"2016-08-06T17:33:56","slug":"neymar-oro-fracaso","status":"publish","type":"post","link":"http:\/\/desarrollo.grupomedios.com\/futbol\/futbol-internacional\/neymar-oro-fracaso\/2016\/08","title":{"rendered":"Para Neymar es el oro o el fracaso"},"content":{"rendered":"<p>El atacante brasile\u00f1o <strong>Neymar<\/strong> consider\u00f3 que no ganar el oro en los <strong>Juegos Ol\u00edmpicos<\/strong> de R\u00edo &#8220;ser\u00eda una derrota&#8221;, al tiempo que se\u00f1al\u00f3 que prefiri\u00f3 esta competici\u00f3n a la Copa Am\u00e9rica porque es la \u00fanica medalla que le falta a su pa\u00eds.<\/p>\n<p>No ganar el oro &#8220;ser\u00eda una derrota, sue\u00f1o con la medalla de oro, no tengo otro objetivo, ni goles ni recompensas personales. Lo \u00fanico que cuenta para mi es que el equipo gane el oro&#8221;, dijo el jugador en una entrevista que hoy publica el diario franc\u00e9s <em>L&#8217;\u00c9quipe<\/em>.<\/p>\n<blockquote class=\"twitter-tweet\" data-lang=\"es\">\n<p dir=\"ltr\" lang=\"pt\">Que Deus nos aben\u00e7oe e nos proteja \u26bd <a href=\"https:\/\/t.co\/RWGmbHWWgR\">pic.twitter.com\/RWGmbHWWgR<\/a><\/p>\n<p>\u2014 Neymar Jr (@neymarjr) <a href=\"https:\/\/twitter.com\/neymarjr\/status\/759448501323493376\">30 de julio de 2016<\/a><\/p><\/blockquote>\n<p><script src=\"\/\/platform.twitter.com\/widgets.js\" async=\"\" charset=\"utf-8\"><\/script><\/p>\n<p>El delantero del Barcelona agreg\u00f3 que cuando el conjunto <em>azulgrana<\/em> le dijo que eligiera entre los Juegos y la Copa Am\u00e9rica eligi\u00f3 lo segundo por servicio a su pa\u00eds.<\/p>\n<p>&#8220;Me hubiera gustado disputar las dos, pero prefer\u00ed los Juegos porque son la \u00fanica medalla que falta a\u00fan en el palmar\u00e9s del f\u00fatbol brasile\u00f1o. En cierta forma, es una oportunidad de servir a mi pa\u00eds y estoy particularmente feliz por poder jugar los Juegos&#8221;, indic\u00f3.<\/p>\n<p><strong>Neymar<\/strong> asegur\u00f3 que no siente el peso de la presi\u00f3n de ser la principal estrella del equipo que tiene la obligaci\u00f3n de ganar el oro en su propio pa\u00eds.<\/p>\n<p>&#8220;Vestir la camiseta de la selecci\u00f3n es un honor inmenso y cada vez que tenga la suerte de hacerlo dar\u00e9 lo m\u00e1ximo para estar a la altura.<\/p>\n","protected":false},"excerpt":{"rendered":"<p>El astro carioca ver\u00eda como derrota no ser el primer lugar <\/p>\n","protected":false},"author":144,"featured_media":416025,"comment_status":"closed","ping_status":"closed","sticky":false,"template":"","format":"standard","meta":[],"categories":[3839,7186,7182,7188,5951],"tags":[6009,1911,6001],"_links":{"self":[{"href":"http:\/\/desarrollo.grupomedios.com\/futbol\/wp-json\/wp\/v2\/posts\/416024"}],"collection":[{"href":"http:\/\/desarrollo.grupomedios.com\/futbol\/wp-json\/wp\/v2\/posts"}],"about":[{"href":"http:\/\/desarrollo.grupomedios.com\/futbol\/wp-json\/wp\/v2\/types\/post"}],"author":[{"embeddable":true,"href":"http:\/\/desarrollo.grupomedios.com\/futbol\/wp-json\/wp\/v2\/users\/144"}],"replies":[{"embeddable":true,"href":"http:\/\/desarrollo.grupomedios.com\/futbol\/wp-json\/wp\/v2\/comments?post=416024"}],"version-history":[{"count":0,"href":"http:\/\/desarrollo.grupomedios.com\/futbol\/wp-json\/wp\/v2\/posts\/416024\/revisions"}],"wp:featuredmedia":[{"embeddable":true,"href":"http:\/\/desarrollo.grupomedios.com\/futbol\/wp-json\/wp\/v2\/media\/416025"}],"wp:attachment":[{"href":"http:\/\/desarrollo.grupomedios.com\/futbol\/wp-json\/wp\/v2\/media?parent=416024"}],"wp:term":[{"taxonomy":"category","embeddable":true,"href":"http:\/\/desarrollo.grupomedios.com\/futbol\/wp-json\/wp\/v2\/categories?post=416024"},{"taxonomy":"post_tag","embeddable":true,"href":"http:\/\/desarrollo.grupomedios.com\/futbol\/wp-json\/wp\/v2\/tags?post=416024"}],"curies":[{"name":"wp","href":"https:\/\/api.w.org\/{rel}","templated":true}]}}