{"id":416033,"date":"2016-08-06T12:41:00","date_gmt":"2016-08-06T17:41:00","guid":{"rendered":"http:\/\/www.futboltotal.com.mx\/?p=416033"},"modified":"2016-08-06T12:41:00","modified_gmt":"2016-08-06T17:41:00","slug":"pereza-usain-bolt-se-pierde-inauguracion-jo","status":"publish","type":"post","link":"http:\/\/desarrollo.grupomedios.com\/futbol\/destacado-home\/pereza-usain-bolt-se-pierde-inauguracion-jo\/2016\/08","title":{"rendered":"Por pereza, Usain Bolt se pierde inauguraci\u00f3n de JO"},"content":{"rendered":"<p>La inauguraci\u00f3n de los <strong>Juegos Ol\u00edmpicos<\/strong> dio de qu\u00e9 hablar por diversos temas, uno de ellos fue por la ausencia del atleta jamaicano, <strong>Usain Bolt<\/strong>, quien revel\u00f3 su motivo para perderse el evento: pereza.<\/p>\n<p>El hombre m\u00e1s veloz del mundo confes\u00f3 en <em>Snapchat<\/em> que la flojera le quit\u00f3 las ganas de participar con la delegaci\u00f3n de su pa\u00eds y se limit\u00f3 a grabar el desfile desde el televisor de su hotel.<\/p>\n<blockquote class=\"twitter-tweet\" data-lang=\"es\">\n<p dir=\"ltr\" lang=\"en\">Happy Independence Day Jamaica <a href=\"https:\/\/t.co\/UPGpukuAul\">pic.twitter.com\/UPGpukuAul<\/a><\/p>\n<p>\u2014 Usain St. Leo Bolt (@usainbolt) <a href=\"https:\/\/twitter.com\/usainbolt\/status\/761940879699480576\">6 de agosto de 2016<\/a><\/p><\/blockquote>\n<p><script src=\"\/\/platform.twitter.com\/widgets.js\" async=\"\" charset=\"utf-8\"><\/script><\/p>\n<p>\u201cEs hora de la ceremonia de inauguraci\u00f3n, pero yo no estar\u00e9 entre la gente, todos los autobuses ya salieron. Estoy demasiado perezoso para ir a la ceremonia de apertura. En serio no soy americano\u201d, explic\u00f3 <strong>Usain Bolt<\/strong>.<\/p>\n","protected":false},"excerpt":{"rendered":"<p>El atleta explic\u00f3 porqu\u00e9 no asisti\u00f3 al evento <\/p>\n","protected":false},"author":20,"featured_media":416034,"comment_status":"closed","ping_status":"closed","sticky":false,"template":"","format":"standard","meta":[],"categories":[7187,5,7182,7188],"tags":[1911,5664],"_links":{"self":[{"href":"http:\/\/desarrollo.grupomedios.com\/futbol\/wp-json\/wp\/v2\/posts\/416033"}],"collection":[{"href":"http:\/\/desarrollo.grupomedios.com\/futbol\/wp-json\/wp\/v2\/posts"}],"about":[{"href":"http:\/\/desarrollo.grupomedios.com\/futbol\/wp-json\/wp\/v2\/types\/post"}],"author":[{"embeddable":true,"href":"http:\/\/desarrollo.grupomedios.com\/futbol\/wp-json\/wp\/v2\/users\/20"}],"replies":[{"embeddable":true,"href":"http:\/\/desarrollo.grupomedios.com\/futbol\/wp-json\/wp\/v2\/comments?post=416033"}],"version-history":[{"count":0,"href":"http:\/\/desarrollo.grupomedios.com\/futbol\/wp-json\/wp\/v2\/posts\/416033\/revisions"}],"wp:featuredmedia":[{"embeddable":true,"href":"http:\/\/desarrollo.grupomedios.com\/futbol\/wp-json\/wp\/v2\/media\/416034"}],"wp:attachment":[{"href":"http:\/\/desarrollo.grupomedios.com\/futbol\/wp-json\/wp\/v2\/media?parent=416033"}],"wp:term":[{"taxonomy":"category","embeddable":true,"href":"http:\/\/desarrollo.grupomedios.com\/futbol\/wp-json\/wp\/v2\/categories?post=416033"},{"taxonomy":"post_tag","embeddable":true,"href":"http:\/\/desarrollo.grupomedios.com\/futbol\/wp-json\/wp\/v2\/tags?post=416033"}],"curies":[{"name":"wp","href":"https:\/\/api.w.org\/{rel}","templated":true}]}}