{"id":416042,"date":"2016-08-06T12:54:20","date_gmt":"2016-08-06T17:54:20","guid":{"rendered":"http:\/\/www.futboltotal.com.mx\/?p=416042"},"modified":"2016-08-06T12:54:20","modified_gmt":"2016-08-06T17:54:20","slug":"detonan-explosivo-los-juegos-olimpicos","status":"publish","type":"post","link":"http:\/\/desarrollo.grupomedios.com\/futbol\/juegos-olimpicos-2016\/detonan-explosivo-los-juegos-olimpicos\/2016\/08","title":{"rendered":"Detonan explosivo durante los Juegos Ol\u00edmpicos"},"content":{"rendered":"<p>Las fuerzas de seguridad detonaron un paquete sospechoso en las proximidades de la playa de Copacabana, cerca de la meta de la carrera ciclista masculina de fondo, sin que la operaci\u00f3n afectara al desarrollo de los <strong><a href=\"http:\/\/www.futboltotal.com.mx\/juegos-olimpicos-2016\/\" target=\"_blank\">Juegos <\/a><a href=\"http:\/\/www.futboltotal.com.mx\/juegos-olimpicos-2016\/\" target=\"_blank\">Ol\u00edmpicos<\/a><\/strong>.<\/p>\n<p>La polic\u00eda inform\u00f3 que se trat\u00f3 de un paquete sospechoso en las proximidades del circuito pero aclar\u00f3 que la situaci\u00f3n est\u00e1 bajo control.<\/p>\n<blockquote class=\"twitter-tweet\" data-lang=\"es\">\n<p dir=\"ltr\" lang=\"es\">Los aficionados apoyan en todo momento a sus atletas en los <a href=\"https:\/\/twitter.com\/hashtag\/JuegosOl%C3%ADmpicos?src=hash\">#JuegosOl\u00edmpicos<\/a> <a href=\"https:\/\/twitter.com\/hashtag\/Rio2016?src=hash\">#Rio2016<\/a> <a href=\"https:\/\/t.co\/RebuCENHOj\">pic.twitter.com\/RebuCENHOj<\/a><\/p>\n<p>\u2014 Los Juegos Ol\u00edmpicos (@juegosolimpicos) <a href=\"https:\/\/twitter.com\/juegosolimpicos\/status\/761977740736200704\">6 de agosto de 2016<\/a><\/p><\/blockquote>\n<p><script src=\"\/\/platform.twitter.com\/widgets.js\" async=\"\" charset=\"utf-8\"><\/script><\/p>\n<p>La explosi\u00f3n fue percibida por los asistentes a la competencia ciclista y provoc\u00f3 carreras y minutos de confusi\u00f3n.<\/p>\n<p>Fuentes de la organizaci\u00f3n dijeron a <em>EFE<\/em> que la operaci\u00f3n no tuvo ning\u00fan impacto en la competici\u00f3n ni oblig\u00f3 a evacuar la zona.<\/p>\n","protected":false},"excerpt":{"rendered":"<p>La polic\u00eda local encontr\u00f3 una mochila sospechosa<\/p>\n","protected":false},"author":144,"featured_media":416044,"comment_status":"closed","ping_status":"closed","sticky":false,"template":"","format":"standard","meta":[],"categories":[7182,7188],"tags":[1911,5664],"_links":{"self":[{"href":"http:\/\/desarrollo.grupomedios.com\/futbol\/wp-json\/wp\/v2\/posts\/416042"}],"collection":[{"href":"http:\/\/desarrollo.grupomedios.com\/futbol\/wp-json\/wp\/v2\/posts"}],"about":[{"href":"http:\/\/desarrollo.grupomedios.com\/futbol\/wp-json\/wp\/v2\/types\/post"}],"author":[{"embeddable":true,"href":"http:\/\/desarrollo.grupomedios.com\/futbol\/wp-json\/wp\/v2\/users\/144"}],"replies":[{"embeddable":true,"href":"http:\/\/desarrollo.grupomedios.com\/futbol\/wp-json\/wp\/v2\/comments?post=416042"}],"version-history":[{"count":0,"href":"http:\/\/desarrollo.grupomedios.com\/futbol\/wp-json\/wp\/v2\/posts\/416042\/revisions"}],"wp:featuredmedia":[{"embeddable":true,"href":"http:\/\/desarrollo.grupomedios.com\/futbol\/wp-json\/wp\/v2\/media\/416044"}],"wp:attachment":[{"href":"http:\/\/desarrollo.grupomedios.com\/futbol\/wp-json\/wp\/v2\/media?parent=416042"}],"wp:term":[{"taxonomy":"category","embeddable":true,"href":"http:\/\/desarrollo.grupomedios.com\/futbol\/wp-json\/wp\/v2\/categories?post=416042"},{"taxonomy":"post_tag","embeddable":true,"href":"http:\/\/desarrollo.grupomedios.com\/futbol\/wp-json\/wp\/v2\/tags?post=416042"}],"curies":[{"name":"wp","href":"https:\/\/api.w.org\/{rel}","templated":true}]}}