{"id":416055,"date":"2016-08-06T14:11:33","date_gmt":"2016-08-06T19:11:33","guid":{"rendered":"http:\/\/www.futboltotal.com.mx\/?p=416055"},"modified":"2016-08-06T14:11:33","modified_gmt":"2016-08-06T19:11:33","slug":"gimnasta-frances-sufre-escalofriante-lesion","status":"publish","type":"post","link":"http:\/\/desarrollo.grupomedios.com\/futbol\/juegos-olimpicos-2016\/gimnasta-frances-sufre-escalofriante-lesion\/2016\/08","title":{"rendered":"Gimnasta franc\u00e9s sufre escalofriante lesi\u00f3n"},"content":{"rendered":"<p>El <strong>gimnasta<\/strong> franc\u00e9s, <strong>Samir Ait<\/strong>, sufri\u00f3 una escalofriante lesi\u00f3n, despu\u00e9s que en un salto de potro cay\u00f3 mal y eso produjo la rotura de su pierna izquierda.<\/p>\n<p>En la primera jornada de gimnasia art\u00edstica varonil, el atleta ejecut\u00f3 mal su t\u00e9cnica y esto provoc\u00f3 la lesi\u00f3n que lo marginar\u00e1 de los <strong>Juegos Ol\u00edmpicos <\/strong>e incluso pone en peligro su carrera.<\/p>\n<p><a href=\"http:\/\/www.futboltotal.com.mx\/wp-content\/uploads\/2016\/08\/gimnasta-samir-ait-lesion-juegos-olimpicos-1.jpg\"><img decoding=\"async\" loading=\"lazy\" class=\"alignnone size-full wp-image-416057\" src=\"http:\/\/www.futboltotal.com.mx\/wp-content\/uploads\/2016\/08\/gimnasta-samir-ait-lesion-juegos-olimpicos-1.jpg\" alt=\"gimnasta-samir-ait-lesion-juegos-olimpicos-1\" srcset=\"http:\/\/desarrollo.grupomedios.com\/futbol\/wp-content\/uploads\/2016\/08\/gimnasta-samir-ait-lesion-juegos-olimpicos-1.jpg 858w, http:\/\/desarrollo.grupomedios.com\/futbol\/wp-content\/uploads\/2016\/08\/gimnasta-samir-ait-lesion-juegos-olimpicos-1-300x151.jpg 300w, http:\/\/desarrollo.grupomedios.com\/futbol\/wp-content\/uploads\/2016\/08\/gimnasta-samir-ait-lesion-juegos-olimpicos-1-768x386.jpg 768w, http:\/\/desarrollo.grupomedios.com\/futbol\/wp-content\/uploads\/2016\/08\/gimnasta-samir-ait-lesion-juegos-olimpicos-1-340x171.jpg 340w\" sizes=\"(max-width: 858px) 100vw, 858px\" \/><\/a><\/p>\n<p>Para <strong>Samir Ait<\/strong> no es la primera vez que los problemas f\u00edsicos merman sus oportunidades de trascender en la justa mundial, pues se perdi\u00f3 la edici\u00f3n de Londres 2012 por una lesi\u00f3n en la misma pierna.<\/p>\n","protected":false},"excerpt":{"rendered":"<p>Samir Ait se rompi\u00f3 la pierna izquierda <\/p>\n","protected":false},"author":20,"featured_media":416056,"comment_status":"closed","ping_status":"closed","sticky":false,"template":"","format":"standard","meta":[],"categories":[7182,7189],"tags":[1911,5664],"_links":{"self":[{"href":"http:\/\/desarrollo.grupomedios.com\/futbol\/wp-json\/wp\/v2\/posts\/416055"}],"collection":[{"href":"http:\/\/desarrollo.grupomedios.com\/futbol\/wp-json\/wp\/v2\/posts"}],"about":[{"href":"http:\/\/desarrollo.grupomedios.com\/futbol\/wp-json\/wp\/v2\/types\/post"}],"author":[{"embeddable":true,"href":"http:\/\/desarrollo.grupomedios.com\/futbol\/wp-json\/wp\/v2\/users\/20"}],"replies":[{"embeddable":true,"href":"http:\/\/desarrollo.grupomedios.com\/futbol\/wp-json\/wp\/v2\/comments?post=416055"}],"version-history":[{"count":0,"href":"http:\/\/desarrollo.grupomedios.com\/futbol\/wp-json\/wp\/v2\/posts\/416055\/revisions"}],"wp:featuredmedia":[{"embeddable":true,"href":"http:\/\/desarrollo.grupomedios.com\/futbol\/wp-json\/wp\/v2\/media\/416056"}],"wp:attachment":[{"href":"http:\/\/desarrollo.grupomedios.com\/futbol\/wp-json\/wp\/v2\/media?parent=416055"}],"wp:term":[{"taxonomy":"category","embeddable":true,"href":"http:\/\/desarrollo.grupomedios.com\/futbol\/wp-json\/wp\/v2\/categories?post=416055"},{"taxonomy":"post_tag","embeddable":true,"href":"http:\/\/desarrollo.grupomedios.com\/futbol\/wp-json\/wp\/v2\/tags?post=416055"}],"curies":[{"name":"wp","href":"https:\/\/api.w.org\/{rel}","templated":true}]}}