{"id":416131,"date":"2016-08-06T19:14:21","date_gmt":"2016-08-07T00:14:21","guid":{"rendered":"http:\/\/www.futboltotal.com.mx\/?p=416131"},"modified":"2016-08-06T19:14:21","modified_gmt":"2016-08-07T00:14:21","slug":"resultados-porto-1-0-villarreal-amistoso","status":"publish","type":"post","link":"http:\/\/desarrollo.grupomedios.com\/futbol\/futbol-internacional\/resultados-porto-1-0-villarreal-amistoso\/2016\/08","title":{"rendered":"En duelo de mexicanos, Porto venci\u00f3 a Villarreal"},"content":{"rendered":"<p>Perdi\u00f3 el <strong>Villarreal<\/strong> frente al <strong>Oporto<\/strong>, en el partido de presentaci\u00f3n del equipo portugu\u00e9s en Do Dragao. Los castellonenses pagaron caro un error defensivo a los doce minutos de partido, fallo que aprovech\u00f3 el <strong>Oporto<\/strong> para marcar el \u00fanico gol del partido.<\/p>\n<p>Los de Marcelino dominaron el encuentro, pero les cost\u00f3 superar a un rival que defendi\u00f3 bien y busc\u00f3 el contragolpe.<\/p>\n<blockquote class=\"twitter-tweet\" data-lang=\"es\">\n<p dir=\"ltr\" lang=\"es\">Final de Jogo \/ End of the match \/ Final del partido<br \/>\nFC Porto 1-0 Villarreal CF<br \/>\nGolo: Andr\u00e9 Silva<a href=\"https:\/\/twitter.com\/hashtag\/FCPorto?src=hash\">#FCPorto<\/a> <a href=\"https:\/\/twitter.com\/hashtag\/FCPVCF?src=hash\">#FCPVCF<\/a> <a href=\"https:\/\/t.co\/u1AHe3h9yM\">pic.twitter.com\/u1AHe3h9yM<\/a><\/p>\n<p>\u2014 FC Porto (@FCPorto) <a href=\"https:\/\/twitter.com\/FCPorto\/status\/762051995184291840\">6 de agosto de 2016<\/a><\/p><\/blockquote>\n<p><script src=\"\/\/platform.twitter.com\/widgets.js\" async=\"\" charset=\"utf-8\"><\/script><\/p>\n<p>Ese \u00fanico error en defensa del <strong>Villarreal<\/strong> sirvi\u00f3 para que el <strong>Oporto<\/strong> se marchara con ventaja en la primera parte del partido.<\/p>\n<p>Unos primeros cuarenta y cinco minutos en los que los castellonenses dominaron y controlaron la posesi\u00f3n, pero les falt\u00f3 m\u00e1s mordiente en los \u00faltimos metros.<\/p>\n<p>Tuvieron opciones Pato, Trigueros o Mario, pero sus disparos no encontraron porter\u00eda. Y el que lo hizo, que fue de Trigueros a los diez minutos, lo despej\u00f3 Casillas.<\/p>\n<p><span style=\"color: #3366ff;\">LEER M\u00c1S:\u00a0<a style=\"color: #3366ff;\" href=\"http:\/\/www.futboltotal.com.mx\/2016\/08\/liverpool-humilla-al-barcelona\/\">Liverpool humilla al Barcelona en Wembley<\/a><\/span><\/p>\n<p>El <strong>Oporto<\/strong> no estaba inquietando al <strong>Villarreal<\/strong>, pero un bal\u00f3n largo era aprovechado por Ot\u00e1vio quien superaba con facilidad a N&#8217;Diay\u00e9 por l\u00ednea de fondo y le dejaba una pelota a Andr\u00e9 Silva en l\u00ednea de gol.<\/p>\n<p>Un gol a los doce minutos, que fue la \u00fanica jugada de peligro de verdad en la porter\u00eda de Asenjo. A partir de ese minuto, el <strong>Oporto<\/strong> decidi\u00f3 darle el bal\u00f3n a un <strong>Villarreal<\/strong>, que no pudo romper con facilidad la l\u00ednea defensiva.<\/p>\n<p>La segunda parte comenz\u00f3 con un dominio claro del <strong>Villarreal<\/strong>, y con el Oporto a la contra.<\/p>\n<p>El equipo de Marcelino dispuso de un primer remate de Trigueros que no encontr\u00f3 porter\u00eda. Un remate contestado por <strong>Oporto<\/strong>, que en una contra dej\u00f3 a Andr\u00e9 Silva ante Asenjo, aunque su disparo se march\u00f3 fuera cuando corr\u00edan diez minutos de este periodo.<\/p>\n<p><span style=\"color: #3366ff;\">LEER M\u00c1S:\u00a0<a style=\"color: #3366ff;\" href=\"http:\/\/www.futboltotal.com.mx\/2016\/08\/jimenez-benfica-busca-romper-maldicion\/\">Con Jim\u00e9nez, Benfica busca romper maldici\u00f3n<\/a><\/span><\/p>\n<p>A pesar de esa llegada del <strong>Oporto<\/strong>, los de Marcelino segu\u00edan con su idea de dominar el bal\u00f3n y madurar sus opciones jugando en campo contrario.<\/p>\n<blockquote class=\"twitter-tweet\" data-lang=\"es\"><p>\n&#8220;Alegr\u00eda al reencontrarme con mi gran amigo <a href=\"https:\/\/twitter.com\/HHerreramex\">@HHerreramex<\/a> \u00a1Surte esta temporada! Tamojunto&#8221; <a href=\"https:\/\/t.co\/0u1WKnhXjW\">pic.twitter.com\/0u1WKnhXjW<\/a><\/p>\n<p>\u2014 Jonathan Dos Santos (@jona2santos) <a href=\"https:\/\/twitter.com\/jona2santos\/status\/762071621037359104\">6 de agosto de 2016<\/a>\n<\/p><\/blockquote>\n<p><script src=\"\/\/platform.twitter.com\/widgets.js\" async=\"\" charset=\"utf-8\"><\/script><\/p>\n<p>As\u00ed, era el equipo castellonense el que rondaba el \u00e1rea, arriesgando y dejando mucho espacio a sus espaldas. Pero ese dominio no inquietaba a Casillas, ya que el meta no ten\u00eda que esforzarse demasiado.<\/p>\n<p>Se llegaba a la recta final del partido sin ocasiones muy claras, pero tras los cambios y el cansancio, dejaba el partido m\u00e1s abierto.<\/p>\n<p>Aunque llegaron dos ocasiones, una por cada equipo, ninguno supo acertar, por lo que el partido acab\u00f3 con el resultado de uno a cero.<\/p>\n<p><iframe loading=\"lazy\" src=\"https:\/\/www.youtube.com\/embed\/DjFCsufqlG0?feature=oembed\" frameborder=\"0\" allowfullscreen><\/iframe><\/p>\n","protected":false},"excerpt":{"rendered":"<p>Los mexicanos participaron en el amistoso<\/p>\n","protected":false},"author":20,"featured_media":416140,"comment_status":"closed","ping_status":"closed","sticky":false,"template":"","format":"standard","meta":[],"categories":[3839,6718,5951],"tags":[6214,4545],"_links":{"self":[{"href":"http:\/\/desarrollo.grupomedios.com\/futbol\/wp-json\/wp\/v2\/posts\/416131"}],"collection":[{"href":"http:\/\/desarrollo.grupomedios.com\/futbol\/wp-json\/wp\/v2\/posts"}],"about":[{"href":"http:\/\/desarrollo.grupomedios.com\/futbol\/wp-json\/wp\/v2\/types\/post"}],"author":[{"embeddable":true,"href":"http:\/\/desarrollo.grupomedios.com\/futbol\/wp-json\/wp\/v2\/users\/20"}],"replies":[{"embeddable":true,"href":"http:\/\/desarrollo.grupomedios.com\/futbol\/wp-json\/wp\/v2\/comments?post=416131"}],"version-history":[{"count":0,"href":"http:\/\/desarrollo.grupomedios.com\/futbol\/wp-json\/wp\/v2\/posts\/416131\/revisions"}],"wp:featuredmedia":[{"embeddable":true,"href":"http:\/\/desarrollo.grupomedios.com\/futbol\/wp-json\/wp\/v2\/media\/416140"}],"wp:attachment":[{"href":"http:\/\/desarrollo.grupomedios.com\/futbol\/wp-json\/wp\/v2\/media?parent=416131"}],"wp:term":[{"taxonomy":"category","embeddable":true,"href":"http:\/\/desarrollo.grupomedios.com\/futbol\/wp-json\/wp\/v2\/categories?post=416131"},{"taxonomy":"post_tag","embeddable":true,"href":"http:\/\/desarrollo.grupomedios.com\/futbol\/wp-json\/wp\/v2\/tags?post=416131"}],"curies":[{"name":"wp","href":"https:\/\/api.w.org\/{rel}","templated":true}]}}