{"id":416370,"date":"2016-08-07T15:11:10","date_gmt":"2016-08-07T20:11:10","guid":{"rendered":"http:\/\/www.futboltotal.com.mx\/?p=416370"},"modified":"2016-08-07T21:39:09","modified_gmt":"2016-08-08T02:39:09","slug":"erick-gutierrez-entre-los-goleadores-del-tri-en-jo","status":"publish","type":"post","link":"http:\/\/desarrollo.grupomedios.com\/futbol\/futbol-mexicano\/erick-gutierrez-entre-los-goleadores-del-tri-en-jo\/2016\/08","title":{"rendered":"Erick Guti\u00e9rrez, un goleador hist\u00f3rico del Tri"},"content":{"rendered":"<p>El canterano del Pachuca, <strong>Erick Guti\u00e9rrez<\/strong>, tuvo una tarde so\u00f1ada en el segundo partido de <strong>M\u00e9xico<\/strong>\u00a0en los <strong>Juegos Ol\u00edmpicos<\/strong> de R\u00edo 2016: firm\u00f3 un p\u00f3quer de goles ante Fiji que lo catapultan como el segundo m\u00e1ximo anotador del<em> Tri<\/em> en la historia de la justa veraniega.<\/p>\n<p style=\"text-align: center;\"><span style=\"color: #3366ff;\"><strong>LEER M\u00c1S: Todas las noticias de futbol internacional<\/strong><\/span><\/p>\n<p><strong>Erick Guti\u00e9rrez<\/strong> fue la gran figura de M\u00e9xico en la Arena Fontenova y, tras el \u00faltimo golazo en el cotejo que sentenci\u00f3 el 5-1, lleg\u00f3 a cuatro tantos que, adem\u00e1s de darle al <em>Tri<\/em> su primera victoria del presente certamen, lo han llevado a igualar la cifra que marc\u00f3 Oribe Peralta durante la justa en 2012.<\/p>\n<blockquote class=\"twitter-tweet\" data-lang=\"es\">\n<p dir=\"ltr\" lang=\"es\">&#8220;No nos sal\u00edan las cosas, pero nosotros nunca vamos a querer jugar mal&#8221;: <a href=\"https:\/\/twitter.com\/GutiGalaviz\">@GutiGalaviz<\/a>.<a href=\"https:\/\/twitter.com\/hashtag\/SomosM%C3%A9xico?src=hash\">#SomosM\u00e9xico<\/a><\/p>\n<p>\u2014 Selecci\u00f3n Nacional (@miseleccionmx) <a href=\"https:\/\/twitter.com\/miseleccionmx\/status\/762349529609875457\">7 de agosto de 2016<\/a><\/p><\/blockquote>\n<p><script src=\"\/\/platform.twitter.com\/widgets.js\" async=\"\" charset=\"utf-8\"><\/script><\/p>\n<p><strong>Guti\u00e9rrez\u00a0<\/strong>logr\u00f3 superar a otros goleadores hist\u00f3ricos del <em>Tri<\/em>, como Pereda, Pulido, Rangel y Gio Dos Santos, quienes acumularon tres dianas en la magna justa del deporte. Ahora tendr\u00e1 en puerta la ocasi\u00f3n de seguir en la disputa por el sitio de honor, el pr\u00f3ximo mi\u00e9rcoles 10 de agosto, cuando enfrente a Corea del Sur en el \u00faltimo duelo de Fase de Grupos.<\/p>\n<blockquote class=\"twitter-tweet\" data-lang=\"es\"><p>\n&#8220;Estoy muy contento y lo importante es que se ganaron los tres puntos&#8221;: <a href=\"https:\/\/twitter.com\/GutiGalaviz\">@GutiGalaviz<\/a>.<a href=\"https:\/\/twitter.com\/hashtag\/SomosM%C3%A9xico?src=hash\">#SomosM\u00e9xico<\/a><\/p>\n<p>\u2014 Selecci\u00f3n Nacional (@miseleccionmx) <a href=\"https:\/\/twitter.com\/miseleccionmx\/status\/762349857344409600\">7 de agosto de 2016<\/a>\n<\/p><\/blockquote>\n<p><script src=\"\/\/platform.twitter.com\/widgets.js\" async=\"\" charset=\"utf-8\"><\/script><\/p>\n","protected":false},"excerpt":{"rendered":"<p>El Guti ya es el segundo m\u00e1ximo goleador de M\u00e9xico en JJOO<\/p>\n","protected":false},"author":20,"featured_media":416359,"comment_status":"closed","ping_status":"closed","sticky":false,"template":"","format":"standard","meta":[],"categories":[7269,2198,7186,7182,3847,5950],"tags":[1911,65],"_links":{"self":[{"href":"http:\/\/desarrollo.grupomedios.com\/futbol\/wp-json\/wp\/v2\/posts\/416370"}],"collection":[{"href":"http:\/\/desarrollo.grupomedios.com\/futbol\/wp-json\/wp\/v2\/posts"}],"about":[{"href":"http:\/\/desarrollo.grupomedios.com\/futbol\/wp-json\/wp\/v2\/types\/post"}],"author":[{"embeddable":true,"href":"http:\/\/desarrollo.grupomedios.com\/futbol\/wp-json\/wp\/v2\/users\/20"}],"replies":[{"embeddable":true,"href":"http:\/\/desarrollo.grupomedios.com\/futbol\/wp-json\/wp\/v2\/comments?post=416370"}],"version-history":[{"count":0,"href":"http:\/\/desarrollo.grupomedios.com\/futbol\/wp-json\/wp\/v2\/posts\/416370\/revisions"}],"wp:featuredmedia":[{"embeddable":true,"href":"http:\/\/desarrollo.grupomedios.com\/futbol\/wp-json\/wp\/v2\/media\/416359"}],"wp:attachment":[{"href":"http:\/\/desarrollo.grupomedios.com\/futbol\/wp-json\/wp\/v2\/media?parent=416370"}],"wp:term":[{"taxonomy":"category","embeddable":true,"href":"http:\/\/desarrollo.grupomedios.com\/futbol\/wp-json\/wp\/v2\/categories?post=416370"},{"taxonomy":"post_tag","embeddable":true,"href":"http:\/\/desarrollo.grupomedios.com\/futbol\/wp-json\/wp\/v2\/tags?post=416370"}],"curies":[{"name":"wp","href":"https:\/\/api.w.org\/{rel}","templated":true}]}}