{"id":416374,"date":"2016-08-07T15:16:00","date_gmt":"2016-08-07T20:16:00","guid":{"rendered":"http:\/\/www.futboltotal.com.mx\/?p=416374"},"modified":"2016-08-07T15:16:00","modified_gmt":"2016-08-07T20:16:00","slug":"los-memes-del-mexico-vs-fiji","status":"publish","type":"post","link":"http:\/\/desarrollo.grupomedios.com\/futbol\/galerias\/los-memes-del-mexico-vs-fiji\/2016\/08","title":{"rendered":"Los Memes del M\u00e9xico vs. Fiji"},"content":{"rendered":"<p>Este domingo 7 de agosto, la <a href=\"http:\/\/futboltotal.com.mx\/futbol-mexicano\/seleccion-mexicana\/\" target=\"_blank\"><strong>Selecci\u00f3n Mexicana Sub-23<\/strong><\/a> consigui\u00f3 su primer triunfo en los <strong>Juegos Ol\u00edmpicos de R\u00edo de Janeiro<\/strong>, y aunque gole\u00f3, le cost\u00f3 un poco de trabajo, por eso la gente se burl\u00f3 del <em>TRI<\/em>, con <strong>Memes<\/strong> contundentes, que tambi\u00e9n dirijieron hacia Erick Guti\u00e9rrez, quien marc\u00f3 cuatro goles.<\/p>\n<p style=\"text-align: center;\"><span style=\"color: #3366ff;\"><a style=\"color: #3366ff;\" href=\"http:\/\/www.futboltotal.com.mx\/2016\/08\/mexico-sufre-pero-golea-a-fiji-en-jo\/\" target=\"_blank\"><strong>LEER M\u00c1S: La victoria del TRI sobre Fiji<\/strong><\/a><\/span><\/p>\n<div id=\"galleryUa4\" style=\"display:none;\"><img alt=\"\" src=\"http:\/\/desarrollo.grupomedios.com\/futbol\/wp-content\/uploads\/2016\/08\/meme-mexico-vs-fiji-1.jpg\" data-image=\"http:\/\/desarrollo.grupomedios.com\/futbol\/wp-content\/uploads\/2016\/08\/meme-mexico-vs-fiji-1.jpg\" data-description=\"meme mexico vs fiji 1\"><img alt=\"\" src=\"http:\/\/desarrollo.grupomedios.com\/futbol\/wp-content\/uploads\/2016\/08\/meme-mexico-vs-fiji-2.jpg\" data-image=\"http:\/\/desarrollo.grupomedios.com\/futbol\/wp-content\/uploads\/2016\/08\/meme-mexico-vs-fiji-2.jpg\" data-description=\"meme mexico vs fiji 2\"><img alt=\"\" src=\"http:\/\/desarrollo.grupomedios.com\/futbol\/wp-content\/uploads\/2016\/08\/meme-mexico-vs-fiji-4.jpg\" data-image=\"http:\/\/desarrollo.grupomedios.com\/futbol\/wp-content\/uploads\/2016\/08\/meme-mexico-vs-fiji-4.jpg\" data-description=\"meme mexico vs fiji 4\"><img alt=\"\" src=\"http:\/\/desarrollo.grupomedios.com\/futbol\/wp-content\/uploads\/2016\/08\/meme-mexico-vs-fiji-3.jpg\" data-image=\"http:\/\/desarrollo.grupomedios.com\/futbol\/wp-content\/uploads\/2016\/08\/meme-mexico-vs-fiji-3.jpg\" data-description=\"meme-mexico-vs-fiji-3\"><img alt=\"\" src=\"http:\/\/desarrollo.grupomedios.com\/futbol\/wp-content\/uploads\/2016\/08\/memes-mexico-vs-fiji-6.jpg\" data-image=\"http:\/\/desarrollo.grupomedios.com\/futbol\/wp-content\/uploads\/2016\/08\/memes-mexico-vs-fiji-6.jpg\" data-description=\"memes mexico vs fiji 6\"><img alt=\"\" src=\"http:\/\/desarrollo.grupomedios.com\/futbol\/wp-content\/uploads\/2016\/08\/memes-mexico-vs-fiji.jpg\" data-image=\"http:\/\/desarrollo.grupomedios.com\/futbol\/wp-content\/uploads\/2016\/08\/memes-mexico-vs-fiji.jpg\" data-description=\"memes mexico vs fiji\"><\/div>\n        <script>\n        \/\/galeria 1\n        jQuery(document).ready(function(){ \n            var api;\n            api = jQuery(\"#galleryUa4\").unitegallery({\n                carousel_autoplay: false\n            }); \n        });\n        <\/script>\n        \n","protected":false},"excerpt":{"rendered":"<p>\u00a1As\u00ed se burlaron del segundo encuentro del TRI Ol\u00edmpico<\/p>\n","protected":false},"author":20,"featured_media":416384,"comment_status":"closed","ping_status":"closed","sticky":false,"template":"","format":"standard","meta":[],"categories":[2198,7186,3,7182,3845,6409],"tags":[1911,4949],"_links":{"self":[{"href":"http:\/\/desarrollo.grupomedios.com\/futbol\/wp-json\/wp\/v2\/posts\/416374"}],"collection":[{"href":"http:\/\/desarrollo.grupomedios.com\/futbol\/wp-json\/wp\/v2\/posts"}],"about":[{"href":"http:\/\/desarrollo.grupomedios.com\/futbol\/wp-json\/wp\/v2\/types\/post"}],"author":[{"embeddable":true,"href":"http:\/\/desarrollo.grupomedios.com\/futbol\/wp-json\/wp\/v2\/users\/20"}],"replies":[{"embeddable":true,"href":"http:\/\/desarrollo.grupomedios.com\/futbol\/wp-json\/wp\/v2\/comments?post=416374"}],"version-history":[{"count":0,"href":"http:\/\/desarrollo.grupomedios.com\/futbol\/wp-json\/wp\/v2\/posts\/416374\/revisions"}],"wp:featuredmedia":[{"embeddable":true,"href":"http:\/\/desarrollo.grupomedios.com\/futbol\/wp-json\/wp\/v2\/media\/416384"}],"wp:attachment":[{"href":"http:\/\/desarrollo.grupomedios.com\/futbol\/wp-json\/wp\/v2\/media?parent=416374"}],"wp:term":[{"taxonomy":"category","embeddable":true,"href":"http:\/\/desarrollo.grupomedios.com\/futbol\/wp-json\/wp\/v2\/categories?post=416374"},{"taxonomy":"post_tag","embeddable":true,"href":"http:\/\/desarrollo.grupomedios.com\/futbol\/wp-json\/wp\/v2\/tags?post=416374"}],"curies":[{"name":"wp","href":"https:\/\/api.w.org\/{rel}","templated":true}]}}